{"id":25104,"date":"2024-08-15T09:13:35","date_gmt":"2024-08-15T07:13:35","guid":{"rendered":"https:\/\/prokulturgut.net\/akademiederkulturen\/?p=25104"},"modified":"2024-08-16T09:06:32","modified_gmt":"2024-08-16T07:06:32","slug":"entwicklungsprojekt-tanz-dancing-dialog","status":"publish","type":"post","link":"https:\/\/prokulturgut.net\/akademiederkulturen\/2024\/08\/15\/entwicklungsprojekt-tanz-dancing-dialog\/","title":{"rendered":"Entwicklungsprojekt Tanz &#8211; Dancing Dialog"},"content":{"rendered":"\t\t<div data-elementor-type=\"wp-post\" data-elementor-id=\"25104\" class=\"elementor elementor-25104\">\n\t\t\t\t\t\t<section class=\"elementor-section elementor-top-section elementor-element elementor-element-297f7314 elementor-section-boxed elementor-section-height-default elementor-section-height-default\" data-id=\"297f7314\" data-element_type=\"section\" data-settings=\"{&quot;background_background&quot;:&quot;classic&quot;}\">\n\t\t\t\t\t\t<div class=\"elementor-container elementor-column-gap-default\">\n\t\t\t\t\t<div class=\"elementor-column elementor-col-100 elementor-top-column elementor-element elementor-element-7ff242ad\" data-id=\"7ff242ad\" data-element_type=\"column\">\n\t\t\t<div class=\"elementor-widget-wrap elementor-element-populated\">\n\t\t\t\t\t\t<div class=\"elementor-element elementor-element-6c87c2df elementor-widget elementor-widget-heading\" data-id=\"6c87c2df\" data-element_type=\"widget\" data-widget_type=\"heading.default\">\n\t\t\t\t<div class=\"elementor-widget-container\">\n\t\t\t<style>\/*! elementor - v3.23.0 - 05-08-2024 *\/\n.elementor-heading-title{padding:0;margin:0;line-height:1}.elementor-widget-heading .elementor-heading-title[class*=elementor-size-]>a{color:inherit;font-size:inherit;line-height:inherit}.elementor-widget-heading .elementor-heading-title.elementor-size-small{font-size:15px}.elementor-widget-heading .elementor-heading-title.elementor-size-medium{font-size:19px}.elementor-widget-heading .elementor-heading-title.elementor-size-large{font-size:29px}.elementor-widget-heading .elementor-heading-title.elementor-size-xl{font-size:39px}.elementor-widget-heading .elementor-heading-title.elementor-size-xxl{font-size:59px}<\/style><h2 class=\"elementor-heading-title elementor-size-default\">Entwicklungsprojekt Tanz - Dancing Dialog<\/h2>\t\t<\/div>\n\t\t\t\t<\/div>\n\t\t\t\t\t<\/div>\n\t\t<\/div>\n\t\t\t\t\t<\/div>\n\t\t<\/section>\n\t\t\t\t<section class=\"elementor-section elementor-top-section elementor-element elementor-element-597b1787 elementor-section-boxed elementor-section-height-default elementor-section-height-default\" data-id=\"597b1787\" data-element_type=\"section\" data-settings=\"{&quot;background_background&quot;:&quot;classic&quot;}\">\n\t\t\t\t\t\t<div class=\"elementor-container elementor-column-gap-default\">\n\t\t\t\t\t<div class=\"elementor-column elementor-col-50 elementor-top-column elementor-element elementor-element-6fb383d3\" data-id=\"6fb383d3\" data-element_type=\"column\">\n\t\t\t<div class=\"elementor-widget-wrap elementor-element-populated\">\n\t\t\t\t\t\t<div class=\"elementor-element elementor-element-620eb41d elementor-widget elementor-widget-text-editor\" data-id=\"620eb41d\" data-element_type=\"widget\" data-widget_type=\"text-editor.default\">\n\t\t\t\t<div class=\"elementor-widget-container\">\n\t\t\t<style>\/*! elementor - v3.23.0 - 05-08-2024 *\/\n.elementor-widget-text-editor.elementor-drop-cap-view-stacked .elementor-drop-cap{background-color:#69727d;color:#fff}.elementor-widget-text-editor.elementor-drop-cap-view-framed .elementor-drop-cap{color:#69727d;border:3px solid;background-color:transparent}.elementor-widget-text-editor:not(.elementor-drop-cap-view-default) .elementor-drop-cap{margin-top:8px}.elementor-widget-text-editor:not(.elementor-drop-cap-view-default) .elementor-drop-cap-letter{width:1em;height:1em}.elementor-widget-text-editor .elementor-drop-cap{float:left;text-align:center;line-height:1;font-size:50px}.elementor-widget-text-editor .elementor-drop-cap-letter{display:inline-block}<\/style>\t\t\t\t<p class=\"p1\">In diesem Halbjahr bieten wir ein Sonderprogramm der Akademie der Kulturen NRW des Kulturgut e.V. an.<\/p><p class=\"p1\">Dies sind offene Angebote, die neue Zielgruppen in unserem Sozialraum ansprechen, um Ihnen neue Erfahrung erschlie\u00dfen, die sie in ihrer pers\u00f6nlichen und sozialen Entwicklung z.B. auch ihrer Integration unterst\u00fctzen. Gef\u00f6rdert durch das Land NRW im Rahmen der Entwicklungsprojekte Weiterbildung.<\/p><p class=\"p1\">Praxistage: 17.8., 19.10. ,16.11. und 21.12., 17 &#8211; 20h mit Einf\u00fchrung und freiem Tanz\u00a0<\/p><p class=\"p1\">Kurstage jeden Mittwoch 20 &#8211; 21.45h<\/p><p class=\"p1\">Kurs: Start: 21. August 2024<\/p><p class=\"p1\">Jeden Mittwoch, 20:00 Uhr \u2013 21:45 Uhr<\/p><p class=\"p1\">Kursdauer: 15 Termine bis zum 18. Dezember (au\u00dfer am 11., 18. und 25. September)<\/p><p class=\"p1\">Hier haben wir den Raum uns miteinander im nonverbalen Dialog auszuprobieren. Wie agieren die K\u00f6rper miteinander? Wo bin ich, wo bist du?<\/p><p class=\"p1\">Was bekommen wir in diesem Kurs\/den Praxistagen: eine Anleitung und Inspiration uns im freien Tanz kreativ zu bewegen, unseren K\u00f6rper neu zu erfahren und neue M\u00f6glichkeiten zu erkunden den nonverbaler Dialog im Kontakt mit anderen zu gestalten, gemeinsames Flie\u00dfen und dennoch dem eigenen Tanz folgen das Spielen mit dem K\u00f6rpergewicht, geben, nehmen, teilen, flie\u00dfen.<\/p><p class=\"p1\">Wir erfahren Achtsamkeit mit dem eigenen K\u00f6rper und den Bed\u00fcrfnissen, dem Raum und den Mitt\u00e4nzer*innen.<\/p><p class=\"p1\">Du kannst dich alleine bewegen, zu zweit, mit mehreren. Du kannst Dich austauschen, deiner Dynamik folgen. Es entsteht ein gemeinsamer vertrauensvoller Raum, der f\u00fcr alle Level offen ist, jeden willkommen hei\u00dft.<\/p><p class=\"p1\">Musik: wir haben an den Praxistagen entweder Live &#8211; Musiker oder wechseln zwischen Stille und unterschiedlicher Musik. Du kannst gerne etwas mitbringen.<\/p><p class=\"p1\">Dieser Kurs ist Teil des Entwicklungsprojekts der Akademie der Kulturen NRW und richtet sich an alle, die die Tiefe und Vielfalt in ihrem Bewegungsspektrum erkunden m\u00f6chten.<\/p>\t\t\t\t\t\t<\/div>\n\t\t\t\t<\/div>\n\t\t\t\t\t<\/div>\n\t\t<\/div>\n\t\t\t\t<div class=\"elementor-column elementor-col-50 elementor-top-column elementor-element elementor-element-22f27292\" data-id=\"22f27292\" data-element_type=\"column\">\n\t\t\t<div class=\"elementor-widget-wrap elementor-element-populated\">\n\t\t\t\t\t\t<div class=\"elementor-element elementor-element-7478d925 elementor-widget elementor-widget-image\" data-id=\"7478d925\" data-element_type=\"widget\" data-widget_type=\"image.default\">\n\t\t\t\t<div class=\"elementor-widget-container\">\n\t\t\t<style>\/*! elementor - v3.23.0 - 05-08-2024 *\/\n.elementor-widget-image{text-align:center}.elementor-widget-image a{display:inline-block}.elementor-widget-image a img[src$=\".svg\"]{width:48px}.elementor-widget-image img{vertical-align:middle;display:inline-block}<\/style>\t\t\t\t\t\t\t\t\t\t<img loading=\"lazy\" decoding=\"async\" width=\"768\" height=\"768\" src=\"https:\/\/prokulturgut.net\/akademiederkulturen\/wp-content\/uploads\/sites\/5\/2024\/08\/photo_5328318453435719665_y-768x768.jpg\" class=\"attachment-medium_large size-medium_large wp-image-25111\" alt=\"\" srcset=\"https:\/\/prokulturgut.net\/akademiederkulturen\/wp-content\/uploads\/sites\/5\/2024\/08\/photo_5328318453435719665_y-768x768.jpg 768w, https:\/\/prokulturgut.net\/akademiederkulturen\/wp-content\/uploads\/sites\/5\/2024\/08\/photo_5328318453435719665_y-300x300.jpg 300w, https:\/\/prokulturgut.net\/akademiederkulturen\/wp-content\/uploads\/sites\/5\/2024\/08\/photo_5328318453435719665_y-1024x1024.jpg 1024w, https:\/\/prokulturgut.net\/akademiederkulturen\/wp-content\/uploads\/sites\/5\/2024\/08\/photo_5328318453435719665_y-150x150.jpg 150w, https:\/\/prokulturgut.net\/akademiederkulturen\/wp-content\/uploads\/sites\/5\/2024\/08\/photo_5328318453435719665_y.jpg 1280w\" sizes=\"(max-width: 768px) 100vw, 768px\" \/>\t\t\t\t\t\t\t\t\t\t\t\t\t<\/div>\n\t\t\t\t<\/div>\n\t\t\t\t<div class=\"elementor-element elementor-element-3da613a7 elementor-widget elementor-widget-spacer\" data-id=\"3da613a7\" data-element_type=\"widget\" data-widget_type=\"spacer.default\">\n\t\t\t\t<div class=\"elementor-widget-container\">\n\t\t\t<style>\/*! elementor - v3.23.0 - 05-08-2024 *\/\n.elementor-column .elementor-spacer-inner{height:var(--spacer-size)}.e-con{--container-widget-width:100%}.e-con-inner>.elementor-widget-spacer,.e-con>.elementor-widget-spacer{width:var(--container-widget-width,var(--spacer-size));--align-self:var(--container-widget-align-self,initial);--flex-shrink:0}.e-con-inner>.elementor-widget-spacer>.elementor-widget-container,.e-con>.elementor-widget-spacer>.elementor-widget-container{height:100%;width:100%}.e-con-inner>.elementor-widget-spacer>.elementor-widget-container>.elementor-spacer,.e-con>.elementor-widget-spacer>.elementor-widget-container>.elementor-spacer{height:100%}.e-con-inner>.elementor-widget-spacer>.elementor-widget-container>.elementor-spacer>.elementor-spacer-inner,.e-con>.elementor-widget-spacer>.elementor-widget-container>.elementor-spacer>.elementor-spacer-inner{height:var(--container-widget-height,var(--spacer-size))}.e-con-inner>.elementor-widget-spacer.elementor-widget-empty,.e-con>.elementor-widget-spacer.elementor-widget-empty{position:relative;min-height:22px;min-width:22px}.e-con-inner>.elementor-widget-spacer.elementor-widget-empty .elementor-widget-empty-icon,.e-con>.elementor-widget-spacer.elementor-widget-empty .elementor-widget-empty-icon{position:absolute;top:0;bottom:0;left:0;right:0;margin:auto;padding:0;width:22px;height:22px}<\/style>\t\t<div class=\"elementor-spacer\">\n\t\t\t<div class=\"elementor-spacer-inner\"><\/div>\n\t\t<\/div>\n\t\t\t\t<\/div>\n\t\t\t\t<\/div>\n\t\t\t\t<div class=\"elementor-element elementor-element-bd6be97 elementor-align-left elementor-icon-list--layout-traditional elementor-list-item-link-full_width elementor-widget elementor-widget-icon-list\" data-id=\"bd6be97\" data-element_type=\"widget\" data-widget_type=\"icon-list.default\">\n\t\t\t\t<div class=\"elementor-widget-container\">\n\t\t\t<link rel=\"stylesheet\" href=\"https:\/\/prokulturgut.net\/akademiederkulturen\/wp-content\/plugins\/elementor\/assets\/css\/widget-icon-list.min.css\">\t\t<ul class=\"elementor-icon-list-items\">\n\t\t\t\t\t\t\t<li class=\"elementor-icon-list-item\">\n\t\t\t\t\t\t\t\t\t\t\t<span class=\"elementor-icon-list-icon\">\n\t\t\t\t\t\t\t<i aria-hidden=\"true\" class=\"fas fa-user\"><\/i>\t\t\t\t\t\t<\/span>\n\t\t\t\t\t\t\t\t\t\t<span class=\"elementor-icon-list-text\">Dozentin Gabriele Koch<\/span>\n\t\t\t\t\t\t\t\t\t<\/li>\n\t\t\t\t\t\t\t\t<li class=\"elementor-icon-list-item\">\n\t\t\t\t\t\t\t\t\t\t\t<span class=\"elementor-icon-list-icon\">\n\t\t\t\t\t\t\t<i aria-hidden=\"true\" class=\"fas fa-home\"><\/i>\t\t\t\t\t\t<\/span>\n\t\t\t\t\t\t\t\t\t\t<span class=\"elementor-icon-list-text\">Brunnenstra\u00dfe 24, 42105 Wuppertal<\/span>\n\t\t\t\t\t\t\t\t\t<\/li>\n\t\t\t\t\t\t\t\t<li class=\"elementor-icon-list-item\">\n\t\t\t\t\t\t\t\t\t\t\t<span class=\"elementor-icon-list-icon\">\n\t\t\t\t\t\t\t<i aria-hidden=\"true\" class=\"far fa-money-bill-alt\"><\/i>\t\t\t\t\t\t<\/span>\n\t\t\t\t\t\t\t\t\t\t<span class=\"elementor-icon-list-text\">Die Teilnahme ist kostenlos<\/span>\n\t\t\t\t\t\t\t\t\t<\/li>\n\t\t\t\t\t\t\t\t<li class=\"elementor-icon-list-item\">\n\t\t\t\t\t\t\t\t\t\t\t<span class=\"elementor-icon-list-icon\">\n\t\t\t\t\t\t\t<i aria-hidden=\"true\" class=\"fas fa-id-badge\"><\/i>\t\t\t\t\t\t<\/span>\n\t\t\t\t\t\t\t\t\t\t<span class=\"elementor-icon-list-text\">ANMELDUNG UND INFO: 0160-5258336<\/span>\n\t\t\t\t\t\t\t\t\t<\/li>\n\t\t\t\t\t\t\t\t<li class=\"elementor-icon-list-item\">\n\t\t\t\t\t\t\t\t\t\t\t<span class=\"elementor-icon-list-icon\">\n\t\t\t\t\t\t\t<i aria-hidden=\"true\" class=\"far fa-calendar-alt\"><\/i>\t\t\t\t\t\t<\/span>\n\t\t\t\t\t\t\t\t\t\t<span class=\"elementor-icon-list-text\">17.08.2024-18.12.2024 4 Samstagstermine a 5 U_Std : 17.8., 19.10. ,16.11. und 21.12.  15 Mittwochstermine (21.8.-18.12.), 20h -21.45 (kein Unterricht am 11., 18. und 25.9.) , Akademie der Kulturen NRW: Seminar \/ Ausbildung Nr: ARW_16227.<\/span>\n\t\t\t\t\t\t\t\t\t<\/li>\n\t\t\t\t\t\t<\/ul>\n\t\t\t\t<\/div>\n\t\t\t\t<\/div>\n\t\t\t\t<div class=\"elementor-element elementor-element-29ad4f08 elementor-widget elementor-widget-spacer\" data-id=\"29ad4f08\" data-element_type=\"widget\" data-widget_type=\"spacer.default\">\n\t\t\t\t<div class=\"elementor-widget-container\">\n\t\t\t\t\t<div class=\"elementor-spacer\">\n\t\t\t<div class=\"elementor-spacer-inner\"><\/div>\n\t\t<\/div>\n\t\t\t\t<\/div>\n\t\t\t\t<\/div>\n\t\t\t\t\t<\/div>\n\t\t<\/div>\n\t\t\t\t\t<\/div>\n\t\t<\/section>\n\t\t\t\t<section class=\"elementor-section elementor-top-section elementor-element elementor-element-6007726 elementor-section-boxed elementor-section-height-default elementor-section-height-default\" data-id=\"6007726\" data-element_type=\"section\" data-settings=\"{&quot;background_background&quot;:&quot;classic&quot;}\">\n\t\t\t\t\t\t<div class=\"elementor-container elementor-column-gap-default\">\n\t\t\t\t\t<div class=\"elementor-column elementor-col-50 elementor-top-column elementor-element elementor-element-1700622\" data-id=\"1700622\" data-element_type=\"column\">\n\t\t\t<div class=\"elementor-widget-wrap elementor-element-populated\">\n\t\t\t\t\t\t<div class=\"elementor-element elementor-element-7dbdb6e elementor-widget elementor-widget-heading\" data-id=\"7dbdb6e\" data-element_type=\"widget\" data-widget_type=\"heading.default\">\n\t\t\t\t<div class=\"elementor-widget-container\">\n\t\t\t<h2 class=\"elementor-heading-title elementor-size-default\">\u00dcber die Lehrerin<\/h2>\t\t<\/div>\n\t\t\t\t<\/div>\n\t\t\t\t<div class=\"elementor-element elementor-element-25fc8662 elementor-widget elementor-widget-image\" data-id=\"25fc8662\" data-element_type=\"widget\" data-widget_type=\"image.default\">\n\t\t\t\t<div class=\"elementor-widget-container\">\n\t\t\t\t\t\t\t\t\t\t\t\t\t<img loading=\"lazy\" decoding=\"async\" width=\"800\" height=\"491\" src=\"https:\/\/prokulturgut.net\/akademiederkulturen\/wp-content\/uploads\/sites\/5\/2023\/09\/Gabriele-Koch-Tanz-1024x629.png\" class=\"attachment-large size-large wp-image-24179\" alt=\"\" srcset=\"https:\/\/prokulturgut.net\/akademiederkulturen\/wp-content\/uploads\/sites\/5\/2023\/09\/Gabriele-Koch-Tanz-1024x629.png 1024w, https:\/\/prokulturgut.net\/akademiederkulturen\/wp-content\/uploads\/sites\/5\/2023\/09\/Gabriele-Koch-Tanz-300x184.png 300w, https:\/\/prokulturgut.net\/akademiederkulturen\/wp-content\/uploads\/sites\/5\/2023\/09\/Gabriele-Koch-Tanz-768x472.png 768w, https:\/\/prokulturgut.net\/akademiederkulturen\/wp-content\/uploads\/sites\/5\/2023\/09\/Gabriele-Koch-Tanz-1536x944.png 1536w, https:\/\/prokulturgut.net\/akademiederkulturen\/wp-content\/uploads\/sites\/5\/2023\/09\/Gabriele-Koch-Tanz-2048x1259.png 2048w, https:\/\/prokulturgut.net\/akademiederkulturen\/wp-content\/uploads\/sites\/5\/2023\/09\/Gabriele-Koch-Tanz-200x123.png 200w, https:\/\/prokulturgut.net\/akademiederkulturen\/wp-content\/uploads\/sites\/5\/2023\/09\/Gabriele-Koch-Tanz-400x246.png 400w, https:\/\/prokulturgut.net\/akademiederkulturen\/wp-content\/uploads\/sites\/5\/2023\/09\/Gabriele-Koch-Tanz-600x369.png 600w, https:\/\/prokulturgut.net\/akademiederkulturen\/wp-content\/uploads\/sites\/5\/2023\/09\/Gabriele-Koch-Tanz-800x492.png 800w, https:\/\/prokulturgut.net\/akademiederkulturen\/wp-content\/uploads\/sites\/5\/2023\/09\/Gabriele-Koch-Tanz-1200x738.png 1200w\" sizes=\"(max-width: 800px) 100vw, 800px\" \/>\t\t\t\t\t\t\t\t\t\t\t\t\t<\/div>\n\t\t\t\t<\/div>\n\t\t\t\t<div class=\"elementor-element elementor-element-a87aa5d elementor-widget elementor-widget-text-editor\" data-id=\"a87aa5d\" data-element_type=\"widget\" data-widget_type=\"text-editor.default\">\n\t\t\t\t<div class=\"elementor-widget-container\">\n\t\t\t\t\t\t\t<p><strong>Gabriele Koch<\/strong>\u00a0ist T\u00e4nzerin, Choreografin und P\u00e4dagogin mit Herz und Seele.<\/p><p><br \/>Seit ihrer fr\u00fchsten Kindheit ist Bewegung ihre Ausdrucksform. \u00dcber vielf\u00e4ltige Wege wie Ballett und Kunstturnen, die verschiedensten Formen des Modernen und Ausdruckstanzes fand sie zum zeitgen\u00f6ssischen Tanz, der Improvisation und Contact Improvisation, welche f\u00fcr sie die absolute Vielfalt der Ausdrucksm\u00f6glichkeiten ebenso wie Autenzit\u00e4t bedeuten.<\/p>\t\t\t\t\t\t<\/div>\n\t\t\t\t<\/div>\n\t\t\t\t\t<\/div>\n\t\t<\/div>\n\t\t\t\t<div class=\"elementor-column elementor-col-50 elementor-top-column elementor-element elementor-element-12a7029\" data-id=\"12a7029\" data-element_type=\"column\">\n\t\t\t<div class=\"elementor-widget-wrap elementor-element-populated\">\n\t\t\t\t\t\t<div class=\"elementor-element elementor-element-e6fbcda elementor-widget elementor-widget-spacer\" data-id=\"e6fbcda\" data-element_type=\"widget\" data-widget_type=\"spacer.default\">\n\t\t\t\t<div class=\"elementor-widget-container\">\n\t\t\t\t\t<div class=\"elementor-spacer\">\n\t\t\t<div class=\"elementor-spacer-inner\"><\/div>\n\t\t<\/div>\n\t\t\t\t<\/div>\n\t\t\t\t<\/div>\n\t\t\t\t<div class=\"elementor-element elementor-element-17c80716 elementor-widget elementor-widget-text-editor\" data-id=\"17c80716\" data-element_type=\"widget\" data-widget_type=\"text-editor.default\">\n\t\t\t\t<div class=\"elementor-widget-container\">\n\t\t\t\t\t\t\t<p>Gabriele hat ein Ausbildung zur Diplom \u2013 Bewegungsp\u00e4dagogin. Pers\u00f6nliche Entwicklung und Freude am Bewegen steht in ihrem Unterricht im Vordergrund. Seit 2000 unterst\u00fctzt sie die Tanzszene im Ruhrgebiet, Bochum, Wuppertal und D\u00fcsseldorf in diesen Bereich \u00fcber Contact Jams und Angebote von regelm\u00e4\u00dfigen Kursen.<\/p><p>Dazu ist sie auch \u00fcberregional, deutschlandweit und international t\u00e4tig. Neben ihrer Unterrichtst\u00e4tigkeit kreierte Gabriele schon zahlreiche Tanzst\u00fccke. Diese f\u00fcgen sich oft in au\u00dfergew\u00f6hnlich und spektakul\u00e4re Orte, wie Industriegel\u00e4nde, Lost Places, Steinbr\u00fcche und in die Natur. Ihre Inszenierungen sind sinnliche Erlebnisse, die nicht mit dem Verstand zu erfassen sind und Orte, Menschen und dinge mit neuem Blick sehen lassen. Tanz hei\u00dft f\u00fcr sie immer lebendig zu bleiben und neue Wege zu finden. dazu verbindet sie in ihre Werken und auch in ihre t\u00e4nzerischen Forschung mit anderen Bewegungs- oder Tanzformen, wie Klettern, Aerial Dance, Tango, Qigong und mehr. Im Moment ist sie in der Ausbildung zum SME Somatic Movement Educator um ihr Wissen \u00fcber Embodiment zu vertiefen und weiter zu vermitteln.<\/p>\t\t\t\t\t\t<\/div>\n\t\t\t\t<\/div>\n\t\t\t\t\t<\/div>\n\t\t<\/div>\n\t\t\t\t\t<\/div>\n\t\t<\/section>\n\t\t\t\t<section class=\"elementor-section elementor-top-section elementor-element elementor-element-6ecf398e elementor-section-boxed elementor-section-height-default elementor-section-height-default\" data-id=\"6ecf398e\" data-element_type=\"section\" data-settings=\"{&quot;background_background&quot;:&quot;classic&quot;}\">\n\t\t\t\t\t\t<div class=\"elementor-container elementor-column-gap-default\">\n\t\t\t\t\t<div class=\"elementor-column elementor-col-100 elementor-top-column elementor-element elementor-element-575ada4\" data-id=\"575ada4\" data-element_type=\"column\">\n\t\t\t<div class=\"elementor-widget-wrap elementor-element-populated\">\n\t\t\t\t\t\t<div class=\"elementor-element elementor-element-454c5b4b elementor-grid-eael-col-4 elementor-grid-tablet-eael-col-2 elementor-grid-mobile-eael-col-1 elementor-widget elementor-widget-eael-post-grid\" data-id=\"454c5b4b\" data-element_type=\"widget\" data-settings=\"{&quot;eael_post_grid_columns&quot;:&quot;eael-col-4&quot;,&quot;eael_post_grid_columns_tablet&quot;:&quot;eael-col-2&quot;,&quot;eael_post_grid_columns_mobile&quot;:&quot;eael-col-1&quot;}\" data-widget_type=\"eael-post-grid.default\">\n\t\t\t\t<div class=\"elementor-widget-container\">\n\t\t\t<div id=\"eael-post-grid-454c5b4b\" class=\"eael-post-grid-container\">\n            <div class=\"eael-post-grid eael-post-appender eael-post-appender-454c5b4b eael-post-grid-style-one\" data-layout-mode=\"masonry\"><article class=\"eael-grid-post  eael-post-grid-column eael-pg-post-27457 category-allgemein-bildung\" data-id=\"27457\">\n        <div class=\"eael-grid-post-holder\">\n            <div class=\"eael-grid-post-holder-inner\"><div class=\"eael-entry-media\"><div class=\"eael-entry-overlay fade-in\"><i class=\"fas fa-arrow-circle-right\" aria-hidden=\"true\"><\/i><a href=\"https:\/\/prokulturgut.net\/akademiederkulturen\/2026\/03\/26\/05-10-09-10-26-stressmanagement-im-berufs-alltag\/\"><\/a><\/div><div class=\"eael-entry-thumbnail eael-image-ratio\">\n                <img loading=\"lazy\" decoding=\"async\" width=\"337\" height=\"256\" src=\"https:\/\/prokulturgut.net\/akademiederkulturen\/wp-content\/uploads\/sites\/5\/2023\/12\/pexels-daniel-torobekov-5694121-1111-e1686734744896.jpg\" class=\"attachment-medium_large size-medium_large wp-image-24293\" alt=\"\" srcset=\"https:\/\/prokulturgut.net\/akademiederkulturen\/wp-content\/uploads\/sites\/5\/2023\/12\/pexels-daniel-torobekov-5694121-1111-e1686734744896.jpg 337w, https:\/\/prokulturgut.net\/akademiederkulturen\/wp-content\/uploads\/sites\/5\/2023\/12\/pexels-daniel-torobekov-5694121-1111-e1686734744896-300x228.jpg 300w\" sizes=\"(max-width: 337px) 100vw, 337px\" \/>\n            <\/div>\n        <\/div><div class=\"eael-entry-wrapper\"><header class=\"eael-entry-header\"><h3 class=\"eael-entry-title\"><a class=\"eael-grid-post-link\" href=\"https:\/\/prokulturgut.net\/akademiederkulturen\/2026\/03\/26\/05-10-09-10-26-stressmanagement-im-berufs-alltag\/\" title=\"05.10.\u201309.10.26 | Stressmanagement im (Berufs-)Alltag\">05.10.\u201309.10.26 | Stressmanagement im (Berufs-)Alltag<\/a><\/h3><\/header><div class=\"eael-entry-content\">\n                        <div class=\"eael-grid-post-excerpt\"><p>05.10.\u201309.10.26 | Stressmanagement im (Berufs-)Alltag Zeitraum05.10.2026\u201309.10.2026 Zeiten 1. Tag11:00\u201312:30h, 13:30\u201318:15h 2. Tag9:00\u201312:45h, 14:00\u201318:30h, 19:30\u201320:30h 3. Tag09:00\u201312:45h, 14:00\u201318:15h 4. Tag9:00\u201312:45h, 14:00\u201318:30h,...<\/p><a href=\"https:\/\/prokulturgut.net\/akademiederkulturen\/2026\/03\/26\/05-10-09-10-26-stressmanagement-im-berufs-alltag\/\" class=\"eael-post-elements-readmore-btn\">Read More<\/a><\/div>\n                    <\/div><\/div><\/div>\n        <\/div>\n    <\/article><article class=\"eael-grid-post  eael-post-grid-column eael-pg-post-27434 category-aktuelles-allgemein\" data-id=\"27434\">\n        <div class=\"eael-grid-post-holder\">\n            <div class=\"eael-grid-post-holder-inner\"><div class=\"eael-entry-media\"><div class=\"eael-entry-overlay fade-in\"><i class=\"fas fa-arrow-circle-right\" aria-hidden=\"true\"><\/i><a href=\"https:\/\/prokulturgut.net\/akademiederkulturen\/2026\/03\/20\/28-06-03-07-26-meditation-yoga-und-mantra-singen\/\"><\/a><\/div><div class=\"eael-entry-thumbnail eael-image-ratio\">\n                <img loading=\"lazy\" decoding=\"async\" width=\"768\" height=\"1160\" src=\"https:\/\/prokulturgut.net\/akademiederkulturen\/wp-content\/uploads\/sites\/5\/2025\/12\/Yoga_Natur-768x1160.jpg\" class=\"attachment-medium_large size-medium_large wp-image-26635\" alt=\"\" srcset=\"https:\/\/prokulturgut.net\/akademiederkulturen\/wp-content\/uploads\/sites\/5\/2025\/12\/Yoga_Natur-768x1160.jpg 768w, https:\/\/prokulturgut.net\/akademiederkulturen\/wp-content\/uploads\/sites\/5\/2025\/12\/Yoga_Natur-199x300.jpg 199w, https:\/\/prokulturgut.net\/akademiederkulturen\/wp-content\/uploads\/sites\/5\/2025\/12\/Yoga_Natur-678x1024.jpg 678w, https:\/\/prokulturgut.net\/akademiederkulturen\/wp-content\/uploads\/sites\/5\/2025\/12\/Yoga_Natur-1017x1536.jpg 1017w, https:\/\/prokulturgut.net\/akademiederkulturen\/wp-content\/uploads\/sites\/5\/2025\/12\/Yoga_Natur-1357x2048.jpg 1357w, https:\/\/prokulturgut.net\/akademiederkulturen\/wp-content\/uploads\/sites\/5\/2025\/12\/Yoga_Natur-scaled.jpg 1696w\" sizes=\"(max-width: 768px) 100vw, 768px\" \/>\n            <\/div>\n        <\/div><div class=\"eael-entry-wrapper\"><header class=\"eael-entry-header\"><h3 class=\"eael-entry-title\"><a class=\"eael-grid-post-link\" href=\"https:\/\/prokulturgut.net\/akademiederkulturen\/2026\/03\/20\/28-06-03-07-26-meditation-yoga-und-mantra-singen\/\" title=\"28.06.\u201303.07.26 | Meditation, Yoga und Mantra-Singen\">28.06.\u201303.07.26 | Meditation, Yoga und Mantra-Singen<\/a><\/h3><\/header><div class=\"eael-entry-content\">\n                        <div class=\"eael-grid-post-excerpt\"><p>28.06.\u201303.07.26 | Meditation, Yoga und Mantra-Singen Zeitraum28.06.2026\u201303.07.2026 Zeiten Anreisetag16.30\u201318h, (19\u201320h), 20\u201322h Seminartag6\u20139h, 9.15\u201311h, 14\u201318h, 20\u201322h Abreisetag6\u20139h, 9.15\u201311h Halber Tag6\u20138h, (opt....<\/p><a href=\"https:\/\/prokulturgut.net\/akademiederkulturen\/2026\/03\/20\/28-06-03-07-26-meditation-yoga-und-mantra-singen\/\" class=\"eael-post-elements-readmore-btn\">Read More<\/a><\/div>\n                    <\/div><\/div><\/div>\n        <\/div>\n    <\/article><article class=\"eael-grid-post  eael-post-grid-column eael-pg-post-27359 category-allgemein-oeko-wissen\" data-id=\"27359\">\n        <div class=\"eael-grid-post-holder\">\n            <div class=\"eael-grid-post-holder-inner\"><div class=\"eael-entry-media\"><div class=\"eael-entry-overlay fade-in\"><i class=\"fas fa-arrow-circle-right\" aria-hidden=\"true\"><\/i><a href=\"https:\/\/prokulturgut.net\/akademiederkulturen\/2026\/03\/17\/food-forests\/\"><\/a><\/div><div class=\"eael-entry-thumbnail eael-image-ratio\">\n                <img loading=\"lazy\" decoding=\"async\" width=\"606\" height=\"1078\" src=\"https:\/\/prokulturgut.net\/akademiederkulturen\/wp-content\/uploads\/sites\/5\/2026\/03\/Design-ohne-Titel-2.png\" class=\"attachment-medium_large size-medium_large wp-image-27499\" alt=\"\" srcset=\"https:\/\/prokulturgut.net\/akademiederkulturen\/wp-content\/uploads\/sites\/5\/2026\/03\/Design-ohne-Titel-2.png 606w, https:\/\/prokulturgut.net\/akademiederkulturen\/wp-content\/uploads\/sites\/5\/2026\/03\/Design-ohne-Titel-2-169x300.png 169w, https:\/\/prokulturgut.net\/akademiederkulturen\/wp-content\/uploads\/sites\/5\/2026\/03\/Design-ohne-Titel-2-576x1024.png 576w\" sizes=\"(max-width: 606px) 100vw, 606px\" \/>\n            <\/div>\n        <\/div><div class=\"eael-entry-wrapper\"><header class=\"eael-entry-header\"><h3 class=\"eael-entry-title\"><a class=\"eael-grid-post-link\" href=\"https:\/\/prokulturgut.net\/akademiederkulturen\/2026\/03\/17\/food-forests\/\" title=\"Food Forests\">Food Forests<\/a><\/h3><\/header><div class=\"eael-entry-content\">\n                        <div class=\"eael-grid-post-excerpt\"><p>Food Forests Ein essbarer Wald (Food Forest oder Waldgarten) ist ein permakultur-inspiriertes Anbausystem, das die mehrschichtige Struktur nat\u00fcrlicher W\u00e4lder nachahmt,...<\/p><a href=\"https:\/\/prokulturgut.net\/akademiederkulturen\/2026\/03\/17\/food-forests\/\" class=\"eael-post-elements-readmore-btn\">Read More<\/a><\/div>\n                    <\/div><\/div><\/div>\n        <\/div>\n    <\/article><article class=\"eael-grid-post  eael-post-grid-column eael-pg-post-27373 category-allgemein-bildung-bildungsnews\" data-id=\"27373\">\n        <div class=\"eael-grid-post-holder\">\n            <div class=\"eael-grid-post-holder-inner\"><div class=\"eael-entry-media\"><div class=\"eael-entry-overlay fade-in\"><i class=\"fas fa-arrow-circle-right\" aria-hidden=\"true\"><\/i><a href=\"https:\/\/prokulturgut.net\/akademiederkulturen\/2026\/03\/12\/05-10-2026-09-10-2026-stressmanagement-im-berufs-alltag\/\"><\/a><\/div><div class=\"eael-entry-thumbnail eael-image-ratio\">\n                <img loading=\"lazy\" decoding=\"async\" width=\"768\" height=\"511\" src=\"https:\/\/prokulturgut.net\/akademiederkulturen\/wp-content\/uploads\/sites\/5\/2024\/12\/pexels-freestockpro-321576-768x511.jpg\" class=\"attachment-medium_large size-medium_large wp-image-25479\" alt=\"\" srcset=\"https:\/\/prokulturgut.net\/akademiederkulturen\/wp-content\/uploads\/sites\/5\/2024\/12\/pexels-freestockpro-321576-768x511.jpg 768w, https:\/\/prokulturgut.net\/akademiederkulturen\/wp-content\/uploads\/sites\/5\/2024\/12\/pexels-freestockpro-321576-300x200.jpg 300w, https:\/\/prokulturgut.net\/akademiederkulturen\/wp-content\/uploads\/sites\/5\/2024\/12\/pexels-freestockpro-321576-1024x681.jpg 1024w, https:\/\/prokulturgut.net\/akademiederkulturen\/wp-content\/uploads\/sites\/5\/2024\/12\/pexels-freestockpro-321576-1536x1022.jpg 1536w, https:\/\/prokulturgut.net\/akademiederkulturen\/wp-content\/uploads\/sites\/5\/2024\/12\/pexels-freestockpro-321576-2048x1363.jpg 2048w\" sizes=\"(max-width: 768px) 100vw, 768px\" \/>\n            <\/div>\n        <\/div><div class=\"eael-entry-wrapper\"><header class=\"eael-entry-header\"><h3 class=\"eael-entry-title\"><a class=\"eael-grid-post-link\" href=\"https:\/\/prokulturgut.net\/akademiederkulturen\/2026\/03\/12\/05-10-2026-09-10-2026-stressmanagement-im-berufs-alltag\/\" title=\"05.10.\u201309.10.26 | Embodiment &#038; innere Resilienz st\u00e4rken im Kloster Steinfeld\">05.10.\u201309.10.26 | Embodiment &#038; innere Resilienz st\u00e4rken im Kloster Steinfeld<\/a><\/h3><\/header><div class=\"eael-entry-content\">\n                        <div class=\"eael-grid-post-excerpt\"><p>05.10.\u201309.10.26 | Embodiment &amp; innere Resilienz st\u00e4rken im Kloster Steinfeld Zeitraum31.08.2026\u201304.09.2026 Zeiten \u00a0 1. Tag: 11:00-12:30h, 13:30-18:15h, 2. Tag: 9:00-12:45h,...<\/p><a href=\"https:\/\/prokulturgut.net\/akademiederkulturen\/2026\/03\/12\/05-10-2026-09-10-2026-stressmanagement-im-berufs-alltag\/\" class=\"eael-post-elements-readmore-btn\">Read More<\/a><\/div>\n                    <\/div><\/div><\/div>\n        <\/div>\n    <\/article><\/div>\n            <div class=\"clearfix\"><\/div>\n        <\/div>            <div class=\"eael-load-more-button-wrap\">\n                <button class=\"eael-load-more-button\" id=\"eael-load-more-btn-454c5b4b\" data-widget-id=\"454c5b4b\" data-widget=\"454c5b4b\" data-page-id=\"25104\" data-template=\"{&quot;dir&quot;:&quot;lite&quot;,&quot;file_name&quot;:&quot;one.php&quot;,&quot;name&quot;:&quot;Post-Grid&quot;}\" data-class=\"Essential_Addons_Elementor\\Elements\\Post_Grid\" data-layout=\"masonry\" data-page=\"1\" data-args=\"orderby=date&amp;order=desc&amp;ignore_sticky_posts=1&amp;post_status=publish&amp;posts_per_page=4&amp;offset=1&amp;post_type=post\" data-max-page=\"44\">\n                    <span class=\"eael-btn-loader button__loader\"><\/span>\n                    <span class=\"eael_load_more_text\">Load More<\/span>\n                <\/button>\n            <\/div>\n            \t\t<\/div>\n\t\t\t\t<\/div>\n\t\t\t\t\t<\/div>\n\t\t<\/div>\n\t\t\t\t\t<\/div>\n\t\t<\/section>\n\t\t\t\t<\/div>\n\t\t","protected":false},"excerpt":{"rendered":"<p>Entwicklungsprojekt Tanz &#8211; Dancing Dialog In diesem Halbjahr bieten wir ein Sonderprogramm der Akademie der Kulturen NRW des Kulturgut e.V. an. Dies sind offene Angebote, die neue Zielgruppen in unserem Sozialraum ansprechen, um Ihnen neue Erfahrung erschlie\u00dfen, die sie in ihrer pers\u00f6nlichen und sozialen Entwicklung z.B. auch ihrer Integration unterst\u00fctzen. Gef\u00f6rdert durch das Land NRW [&hellip;]<\/p>\n","protected":false},"author":82,"featured_media":25111,"comment_status":"closed","ping_status":"open","sticky":false,"template":"","format":"standard","meta":[],"categories":[2,9,1,81],"tags":[],"yoast_head":"<!-- This site is optimized with the Yoast SEO plugin v20.11 - https:\/\/yoast.com\/wordpress\/plugins\/seo\/ -->\n<title>Entwicklungsprojekt Tanz - Dancing Dialog - Akademie der Kulturen NRW<\/title>\n<meta name=\"robots\" content=\"index, follow, max-snippet:-1, max-image-preview:large, max-video-preview:-1\" \/>\n<link rel=\"canonical\" href=\"https:\/\/prokulturgut.net\/akademiederkulturen\/2024\/08\/15\/entwicklungsprojekt-tanz-dancing-dialog\/\" \/>\n<meta property=\"og:locale\" content=\"de_DE\" \/>\n<meta property=\"og:type\" content=\"article\" \/>\n<meta property=\"og:title\" content=\"Entwicklungsprojekt Tanz - Dancing Dialog - Akademie der Kulturen NRW\" \/>\n<meta property=\"og:description\" content=\"Entwicklungsprojekt Tanz &#8211; Dancing Dialog In diesem Halbjahr bieten wir ein Sonderprogramm der Akademie der Kulturen NRW des Kulturgut e.V. an. Dies sind offene Angebote, die neue Zielgruppen in unserem Sozialraum ansprechen, um Ihnen neue Erfahrung erschlie\u00dfen, die sie in ihrer pers\u00f6nlichen und sozialen Entwicklung z.B. auch ihrer Integration unterst\u00fctzen. Gef\u00f6rdert durch das Land NRW [&hellip;]\" \/>\n<meta property=\"og:url\" content=\"https:\/\/prokulturgut.net\/akademiederkulturen\/2024\/08\/15\/entwicklungsprojekt-tanz-dancing-dialog\/\" \/>\n<meta property=\"og:site_name\" content=\"Akademie der Kulturen NRW\" \/>\n<meta property=\"article:published_time\" content=\"2024-08-15T07:13:35+00:00\" \/>\n<meta property=\"article:modified_time\" content=\"2024-08-16T07:06:32+00:00\" \/>\n<meta property=\"og:image\" content=\"https:\/\/prokulturgut.net\/akademiederkulturen\/wp-content\/uploads\/sites\/5\/2024\/08\/photo_5328318453435719665_y.jpg\" \/>\n\t<meta property=\"og:image:width\" content=\"1280\" \/>\n\t<meta property=\"og:image:height\" content=\"1280\" \/>\n\t<meta property=\"og:image:type\" content=\"image\/jpeg\" \/>\n<meta name=\"author\" content=\"christopher\" \/>\n<meta name=\"twitter:card\" content=\"summary_large_image\" \/>\n<meta name=\"twitter:creator\" content=\"@christopher\" \/>\n<meta name=\"twitter:label1\" content=\"Verfasst von\" \/>\n\t<meta name=\"twitter:data1\" content=\"christopher\" \/>\n\t<meta name=\"twitter:label2\" content=\"Gesch\u00e4tzte Lesezeit\" \/>\n\t<meta name=\"twitter:data2\" content=\"5 Minuten\" \/>\n<script type=\"application\/ld+json\" class=\"yoast-schema-graph\">{\"@context\":\"https:\/\/schema.org\",\"@graph\":[{\"@type\":\"Article\",\"@id\":\"https:\/\/prokulturgut.net\/akademiederkulturen\/2024\/08\/15\/entwicklungsprojekt-tanz-dancing-dialog\/#article\",\"isPartOf\":{\"@id\":\"https:\/\/prokulturgut.net\/akademiederkulturen\/2024\/08\/15\/entwicklungsprojekt-tanz-dancing-dialog\/\"},\"author\":{\"name\":\"christopher\",\"@id\":\"https:\/\/prokulturgut.net\/akademiederkulturen\/#\/schema\/person\/7cca066c4bb3f6bf6fed0fe40f022e82\"},\"headline\":\"Entwicklungsprojekt Tanz &#8211; Dancing Dialog\",\"datePublished\":\"2024-08-15T07:13:35+00:00\",\"dateModified\":\"2024-08-16T07:06:32+00:00\",\"mainEntityOfPage\":{\"@id\":\"https:\/\/prokulturgut.net\/akademiederkulturen\/2024\/08\/15\/entwicklungsprojekt-tanz-dancing-dialog\/\"},\"wordCount\":705,\"publisher\":{\"@id\":\"https:\/\/prokulturgut.net\/akademiederkulturen\/#organization\"},\"articleSection\":{\"0\":\"Akademie der Kulturen\",\"1\":\"Aktuelles\",\"3\":\"Kurse\"},\"inLanguage\":\"de-DE\"},{\"@type\":\"WebPage\",\"@id\":\"https:\/\/prokulturgut.net\/akademiederkulturen\/2024\/08\/15\/entwicklungsprojekt-tanz-dancing-dialog\/\",\"url\":\"https:\/\/prokulturgut.net\/akademiederkulturen\/2024\/08\/15\/entwicklungsprojekt-tanz-dancing-dialog\/\",\"name\":\"Entwicklungsprojekt Tanz - Dancing Dialog - Akademie der Kulturen NRW\",\"isPartOf\":{\"@id\":\"https:\/\/prokulturgut.net\/akademiederkulturen\/#website\"},\"datePublished\":\"2024-08-15T07:13:35+00:00\",\"dateModified\":\"2024-08-16T07:06:32+00:00\",\"breadcrumb\":{\"@id\":\"https:\/\/prokulturgut.net\/akademiederkulturen\/2024\/08\/15\/entwicklungsprojekt-tanz-dancing-dialog\/#breadcrumb\"},\"inLanguage\":\"de-DE\",\"potentialAction\":[{\"@type\":\"ReadAction\",\"target\":[\"https:\/\/prokulturgut.net\/akademiederkulturen\/2024\/08\/15\/entwicklungsprojekt-tanz-dancing-dialog\/\"]}]},{\"@type\":\"BreadcrumbList\",\"@id\":\"https:\/\/prokulturgut.net\/akademiederkulturen\/2024\/08\/15\/entwicklungsprojekt-tanz-dancing-dialog\/#breadcrumb\",\"itemListElement\":[{\"@type\":\"ListItem\",\"position\":1,\"name\":\"Home\",\"item\":\"https:\/\/prokulturgut.net\/akademiederkulturen\/\"},{\"@type\":\"ListItem\",\"position\":2,\"name\":\"Entwicklungsprojekt Tanz &#8211; Dancing Dialog\"}]},{\"@type\":\"WebSite\",\"@id\":\"https:\/\/prokulturgut.net\/akademiederkulturen\/#website\",\"url\":\"https:\/\/prokulturgut.net\/akademiederkulturen\/\",\"name\":\"Akademie der Kulturen NRW\",\"description\":\"\",\"publisher\":{\"@id\":\"https:\/\/prokulturgut.net\/akademiederkulturen\/#organization\"},\"potentialAction\":[{\"@type\":\"SearchAction\",\"target\":{\"@type\":\"EntryPoint\",\"urlTemplate\":\"https:\/\/prokulturgut.net\/akademiederkulturen\/?s={search_term_string}\"},\"query-input\":\"required name=search_term_string\"}],\"inLanguage\":\"de-DE\"},{\"@type\":\"Organization\",\"@id\":\"https:\/\/prokulturgut.net\/akademiederkulturen\/#organization\",\"name\":\"Akademie der Kulturen NRW\",\"url\":\"https:\/\/prokulturgut.net\/akademiederkulturen\/\",\"logo\":{\"@type\":\"ImageObject\",\"inLanguage\":\"de-DE\",\"@id\":\"https:\/\/prokulturgut.net\/akademiederkulturen\/#\/schema\/logo\/image\/\",\"url\":\"https:\/\/prokulturgut.net\/akademiederkulturen\/wp-content\/uploads\/sites\/5\/2023\/12\/cropped-Logo_Farbe.png\",\"contentUrl\":\"https:\/\/prokulturgut.net\/akademiederkulturen\/wp-content\/uploads\/sites\/5\/2023\/12\/cropped-Logo_Farbe.png\",\"width\":412,\"height\":118,\"caption\":\"Akademie der Kulturen NRW\"},\"image\":{\"@id\":\"https:\/\/prokulturgut.net\/akademiederkulturen\/#\/schema\/logo\/image\/\"}},{\"@type\":\"Person\",\"@id\":\"https:\/\/prokulturgut.net\/akademiederkulturen\/#\/schema\/person\/7cca066c4bb3f6bf6fed0fe40f022e82\",\"name\":\"christopher\",\"image\":{\"@type\":\"ImageObject\",\"inLanguage\":\"de-DE\",\"@id\":\"https:\/\/prokulturgut.net\/akademiederkulturen\/#\/schema\/person\/image\/\",\"url\":\"https:\/\/secure.gravatar.com\/avatar\/d94f6274ab276de3375f5149f150d8a7?s=96&d=mm&r=g\",\"contentUrl\":\"https:\/\/secure.gravatar.com\/avatar\/d94f6274ab276de3375f5149f150d8a7?s=96&d=mm&r=g\",\"caption\":\"christopher\"},\"sameAs\":[\"https:\/\/twitter.com\/christopher\"],\"url\":\"https:\/\/prokulturgut.net\/akademiederkulturen\/author\/christopher\/\"}]}<\/script>\n<!-- \/ Yoast SEO plugin. -->","yoast_head_json":{"title":"Entwicklungsprojekt Tanz - Dancing Dialog - Akademie der Kulturen NRW","robots":{"index":"index","follow":"follow","max-snippet":"max-snippet:-1","max-image-preview":"max-image-preview:large","max-video-preview":"max-video-preview:-1"},"canonical":"https:\/\/prokulturgut.net\/akademiederkulturen\/2024\/08\/15\/entwicklungsprojekt-tanz-dancing-dialog\/","og_locale":"de_DE","og_type":"article","og_title":"Entwicklungsprojekt Tanz - Dancing Dialog - Akademie der Kulturen NRW","og_description":"Entwicklungsprojekt Tanz &#8211; Dancing Dialog In diesem Halbjahr bieten wir ein Sonderprogramm der Akademie der Kulturen NRW des Kulturgut e.V. an. Dies sind offene Angebote, die neue Zielgruppen in unserem Sozialraum ansprechen, um Ihnen neue Erfahrung erschlie\u00dfen, die sie in ihrer pers\u00f6nlichen und sozialen Entwicklung z.B. auch ihrer Integration unterst\u00fctzen. Gef\u00f6rdert durch das Land NRW [&hellip;]","og_url":"https:\/\/prokulturgut.net\/akademiederkulturen\/2024\/08\/15\/entwicklungsprojekt-tanz-dancing-dialog\/","og_site_name":"Akademie der Kulturen NRW","article_published_time":"2024-08-15T07:13:35+00:00","article_modified_time":"2024-08-16T07:06:32+00:00","og_image":[{"width":1280,"height":1280,"url":"https:\/\/prokulturgut.net\/akademiederkulturen\/wp-content\/uploads\/sites\/5\/2024\/08\/photo_5328318453435719665_y.jpg","type":"image\/jpeg"}],"author":"christopher","twitter_card":"summary_large_image","twitter_creator":"@christopher","twitter_misc":{"Verfasst von":"christopher","Gesch\u00e4tzte Lesezeit":"5 Minuten"},"schema":{"@context":"https:\/\/schema.org","@graph":[{"@type":"Article","@id":"https:\/\/prokulturgut.net\/akademiederkulturen\/2024\/08\/15\/entwicklungsprojekt-tanz-dancing-dialog\/#article","isPartOf":{"@id":"https:\/\/prokulturgut.net\/akademiederkulturen\/2024\/08\/15\/entwicklungsprojekt-tanz-dancing-dialog\/"},"author":{"name":"christopher","@id":"https:\/\/prokulturgut.net\/akademiederkulturen\/#\/schema\/person\/7cca066c4bb3f6bf6fed0fe40f022e82"},"headline":"Entwicklungsprojekt Tanz &#8211; Dancing Dialog","datePublished":"2024-08-15T07:13:35+00:00","dateModified":"2024-08-16T07:06:32+00:00","mainEntityOfPage":{"@id":"https:\/\/prokulturgut.net\/akademiederkulturen\/2024\/08\/15\/entwicklungsprojekt-tanz-dancing-dialog\/"},"wordCount":705,"publisher":{"@id":"https:\/\/prokulturgut.net\/akademiederkulturen\/#organization"},"articleSection":{"0":"Akademie der Kulturen","1":"Aktuelles","3":"Kurse"},"inLanguage":"de-DE"},{"@type":"WebPage","@id":"https:\/\/prokulturgut.net\/akademiederkulturen\/2024\/08\/15\/entwicklungsprojekt-tanz-dancing-dialog\/","url":"https:\/\/prokulturgut.net\/akademiederkulturen\/2024\/08\/15\/entwicklungsprojekt-tanz-dancing-dialog\/","name":"Entwicklungsprojekt Tanz - Dancing Dialog - Akademie der Kulturen NRW","isPartOf":{"@id":"https:\/\/prokulturgut.net\/akademiederkulturen\/#website"},"datePublished":"2024-08-15T07:13:35+00:00","dateModified":"2024-08-16T07:06:32+00:00","breadcrumb":{"@id":"https:\/\/prokulturgut.net\/akademiederkulturen\/2024\/08\/15\/entwicklungsprojekt-tanz-dancing-dialog\/#breadcrumb"},"inLanguage":"de-DE","potentialAction":[{"@type":"ReadAction","target":["https:\/\/prokulturgut.net\/akademiederkulturen\/2024\/08\/15\/entwicklungsprojekt-tanz-dancing-dialog\/"]}]},{"@type":"BreadcrumbList","@id":"https:\/\/prokulturgut.net\/akademiederkulturen\/2024\/08\/15\/entwicklungsprojekt-tanz-dancing-dialog\/#breadcrumb","itemListElement":[{"@type":"ListItem","position":1,"name":"Home","item":"https:\/\/prokulturgut.net\/akademiederkulturen\/"},{"@type":"ListItem","position":2,"name":"Entwicklungsprojekt Tanz &#8211; Dancing Dialog"}]},{"@type":"WebSite","@id":"https:\/\/prokulturgut.net\/akademiederkulturen\/#website","url":"https:\/\/prokulturgut.net\/akademiederkulturen\/","name":"Akademie der Kulturen NRW","description":"","publisher":{"@id":"https:\/\/prokulturgut.net\/akademiederkulturen\/#organization"},"potentialAction":[{"@type":"SearchAction","target":{"@type":"EntryPoint","urlTemplate":"https:\/\/prokulturgut.net\/akademiederkulturen\/?s={search_term_string}"},"query-input":"required name=search_term_string"}],"inLanguage":"de-DE"},{"@type":"Organization","@id":"https:\/\/prokulturgut.net\/akademiederkulturen\/#organization","name":"Akademie der Kulturen NRW","url":"https:\/\/prokulturgut.net\/akademiederkulturen\/","logo":{"@type":"ImageObject","inLanguage":"de-DE","@id":"https:\/\/prokulturgut.net\/akademiederkulturen\/#\/schema\/logo\/image\/","url":"https:\/\/prokulturgut.net\/akademiederkulturen\/wp-content\/uploads\/sites\/5\/2023\/12\/cropped-Logo_Farbe.png","contentUrl":"https:\/\/prokulturgut.net\/akademiederkulturen\/wp-content\/uploads\/sites\/5\/2023\/12\/cropped-Logo_Farbe.png","width":412,"height":118,"caption":"Akademie der Kulturen NRW"},"image":{"@id":"https:\/\/prokulturgut.net\/akademiederkulturen\/#\/schema\/logo\/image\/"}},{"@type":"Person","@id":"https:\/\/prokulturgut.net\/akademiederkulturen\/#\/schema\/person\/7cca066c4bb3f6bf6fed0fe40f022e82","name":"christopher","image":{"@type":"ImageObject","inLanguage":"de-DE","@id":"https:\/\/prokulturgut.net\/akademiederkulturen\/#\/schema\/person\/image\/","url":"https:\/\/secure.gravatar.com\/avatar\/d94f6274ab276de3375f5149f150d8a7?s=96&d=mm&r=g","contentUrl":"https:\/\/secure.gravatar.com\/avatar\/d94f6274ab276de3375f5149f150d8a7?s=96&d=mm&r=g","caption":"christopher"},"sameAs":["https:\/\/twitter.com\/christopher"],"url":"https:\/\/prokulturgut.net\/akademiederkulturen\/author\/christopher\/"}]}},"_links":{"self":[{"href":"https:\/\/prokulturgut.net\/akademiederkulturen\/wp-json\/wp\/v2\/posts\/25104"}],"collection":[{"href":"https:\/\/prokulturgut.net\/akademiederkulturen\/wp-json\/wp\/v2\/posts"}],"about":[{"href":"https:\/\/prokulturgut.net\/akademiederkulturen\/wp-json\/wp\/v2\/types\/post"}],"author":[{"embeddable":true,"href":"https:\/\/prokulturgut.net\/akademiederkulturen\/wp-json\/wp\/v2\/users\/82"}],"replies":[{"embeddable":true,"href":"https:\/\/prokulturgut.net\/akademiederkulturen\/wp-json\/wp\/v2\/comments?post=25104"}],"version-history":[{"count":9,"href":"https:\/\/prokulturgut.net\/akademiederkulturen\/wp-json\/wp\/v2\/posts\/25104\/revisions"}],"predecessor-version":[{"id":25115,"href":"https:\/\/prokulturgut.net\/akademiederkulturen\/wp-json\/wp\/v2\/posts\/25104\/revisions\/25115"}],"wp:featuredmedia":[{"embeddable":true,"href":"https:\/\/prokulturgut.net\/akademiederkulturen\/wp-json\/wp\/v2\/media\/25111"}],"wp:attachment":[{"href":"https:\/\/prokulturgut.net\/akademiederkulturen\/wp-json\/wp\/v2\/media?parent=25104"}],"wp:term":[{"taxonomy":"category","embeddable":true,"href":"https:\/\/prokulturgut.net\/akademiederkulturen\/wp-json\/wp\/v2\/categories?post=25104"},{"taxonomy":"post_tag","embeddable":true,"href":"https:\/\/prokulturgut.net\/akademiederkulturen\/wp-json\/wp\/v2\/tags?post=25104"}],"curies":[{"name":"wp","href":"https:\/\/api.w.org\/{rel}","templated":true}]}}