{"id":25232,"date":"2024-10-17T08:47:44","date_gmt":"2024-10-17T06:47:44","guid":{"rendered":"https:\/\/prokulturgut.net\/akademiederkulturen\/?p=25232"},"modified":"2024-10-17T08:53:49","modified_gmt":"2024-10-17T06:53:49","slug":"vegane-ernaehrungsberater-in-ausbildung","status":"publish","type":"post","link":"https:\/\/prokulturgut.net\/akademiederkulturen\/2024\/10\/17\/vegane-ernaehrungsberater-in-ausbildung\/","title":{"rendered":"Vegane Ern\u00e4hrungsberater\/in Ausbildung"},"content":{"rendered":"\t\t<div data-elementor-type=\"wp-post\" data-elementor-id=\"25232\" class=\"elementor elementor-25232\">\n\t\t\t\t\t\t<section class=\"elementor-section elementor-top-section elementor-element elementor-element-3d5aa622 elementor-section-boxed elementor-section-height-default elementor-section-height-default\" data-id=\"3d5aa622\" data-element_type=\"section\" data-settings=\"{&quot;background_background&quot;:&quot;classic&quot;}\">\n\t\t\t\t\t\t<div class=\"elementor-container elementor-column-gap-default\">\n\t\t\t\t\t<div class=\"elementor-column elementor-col-100 elementor-top-column elementor-element elementor-element-55250e04\" data-id=\"55250e04\" data-element_type=\"column\">\n\t\t\t<div class=\"elementor-widget-wrap elementor-element-populated\">\n\t\t\t\t\t\t<div class=\"elementor-element elementor-element-553b7940 elementor-widget elementor-widget-heading\" data-id=\"553b7940\" data-element_type=\"widget\" data-widget_type=\"heading.default\">\n\t\t\t\t<div class=\"elementor-widget-container\">\n\t\t\t<style>\/*! elementor - v3.23.0 - 05-08-2024 *\/\n.elementor-heading-title{padding:0;margin:0;line-height:1}.elementor-widget-heading .elementor-heading-title[class*=elementor-size-]>a{color:inherit;font-size:inherit;line-height:inherit}.elementor-widget-heading .elementor-heading-title.elementor-size-small{font-size:15px}.elementor-widget-heading .elementor-heading-title.elementor-size-medium{font-size:19px}.elementor-widget-heading .elementor-heading-title.elementor-size-large{font-size:29px}.elementor-widget-heading .elementor-heading-title.elementor-size-xl{font-size:39px}.elementor-widget-heading .elementor-heading-title.elementor-size-xxl{font-size:59px}<\/style><h2 class=\"elementor-heading-title elementor-size-default\">Vegane Ern\u00e4hrungsberater\/in Ausbildung\n<\/h2>\t\t<\/div>\n\t\t\t\t<\/div>\n\t\t\t\t\t<\/div>\n\t\t<\/div>\n\t\t\t\t\t<\/div>\n\t\t<\/section>\n\t\t\t\t<section class=\"elementor-section elementor-top-section elementor-element elementor-element-364bccfa elementor-section-boxed elementor-section-height-default elementor-section-height-default\" data-id=\"364bccfa\" data-element_type=\"section\" data-settings=\"{&quot;background_background&quot;:&quot;classic&quot;}\">\n\t\t\t\t\t\t<div class=\"elementor-container elementor-column-gap-default\">\n\t\t\t\t\t<div class=\"elementor-column elementor-col-50 elementor-top-column elementor-element elementor-element-5b13e904\" data-id=\"5b13e904\" data-element_type=\"column\">\n\t\t\t<div class=\"elementor-widget-wrap elementor-element-populated\">\n\t\t\t\t\t\t<div class=\"elementor-element elementor-element-67c97bdf elementor-widget elementor-widget-text-editor\" data-id=\"67c97bdf\" data-element_type=\"widget\" data-widget_type=\"text-editor.default\">\n\t\t\t\t<div class=\"elementor-widget-container\">\n\t\t\t<style>\/*! elementor - v3.23.0 - 05-08-2024 *\/\n.elementor-widget-text-editor.elementor-drop-cap-view-stacked .elementor-drop-cap{background-color:#69727d;color:#fff}.elementor-widget-text-editor.elementor-drop-cap-view-framed .elementor-drop-cap{color:#69727d;border:3px solid;background-color:transparent}.elementor-widget-text-editor:not(.elementor-drop-cap-view-default) .elementor-drop-cap{margin-top:8px}.elementor-widget-text-editor:not(.elementor-drop-cap-view-default) .elementor-drop-cap-letter{width:1em;height:1em}.elementor-widget-text-editor .elementor-drop-cap{float:left;text-align:center;line-height:1;font-size:50px}.elementor-widget-text-editor .elementor-drop-cap-letter{display:inline-block}<\/style>\t\t\t\t<p class=\"p2\"><strong>24.11.2024-01.12.2024<\/strong><\/p><ul><li class=\"p2\">Anreisetag: 16.30-18h, 19-22h<\/li><li class=\"p2\">Seminartag: 6-9h, 9.15-11h, 14-18h, 20-22h<\/li><li class=\"p2\">Abreisetag 6-9h, 9.15-11h<\/li><li class=\"p2\">halber Tag: 6-8h, (9.15-11h), 20-22h<\/li><li class=\"p2\">Akademie der Kulturen NRW: Ausbildung \/ BILDUNGSURLAUB Nr: ABMY16587<\/li><li class=\"p2\"><span style=\"color: var( --e-global-color-text ); font-family: var( --e-global-typography-text-font-family ), Sans-serif; font-weight: var( --e-global-typography-text-font-weight ); font-size: 1rem;\">Julia Lang \u00b7 80 Uh, Schlafsaal\/Zelt: 652\u20ac, MZ: 758\u20ac, DZ: 896\u20ac, EZ: 1033\u20ac (inkl. VP)<\/span><\/li><\/ul><p>\u00a0<\/p><p class=\"p2\">Immer mehr Menschen streben einen sattwigen, also einen reinen und ethisch vertr\u00e4glichen Lebensstil an und wenden sich folgerichtig der veganen Lebensweise zu. Auch aus gesundheitlichen Gr\u00fcnden favorisiert inzwischen eine wachsende Anzahl von Menschen eine pflanzlichen Ern\u00e4hrung. Auf der Basis neuester wissenschaftlicher Erkenntnisse lernst du Einzelne und Gruppen diesbez\u00fcglich zu beraten und auch in besonderen Lebensphasen Sicherheit in punkto veganer Ern\u00e4hrung zu vermitteln.\u00a0<\/p><p class=\"p2\">Inhalte:<\/p><ul><li class=\"p2\">\u00a0Beratungsablauf<\/li><li class=\"p2\">Anatomie, Physiologie, Pathologie\u00a0<\/li><li class=\"p2\">Gesundheitliche Aspekte, Studien\u00a0<\/li><li class=\"p2\">N\u00e4hrstoffe: Kategorien, Vorkommen, Funktion, Resorption<\/li><li class=\"p2\">Physische, psychische und feinstoffliche Aspekte unterschiedlicher Nahrungsmittel\u00a0<\/li><li class=\"p2\">yogische und ayurvedische Ern\u00e4hrung<\/li><li class=\"p2\">vegan, vollwertig, vital\u00a0<\/li><li class=\"p2\">vegane, vollwertige Ern\u00e4hrung auch bei speziellen Bed\u00fcrfnissen: Schwangere, Stillende, Kleinkinder, Sportler, Senioren, Kranke\u00a0<\/li><li class=\"p2\">ein halber Tag Praxis in der K\u00fcche, mit Wildkr\u00e4utern, Superfoods, Pesti und Rohkostkuchen\u00a0<\/li><\/ul><p>\u00a0<\/p><p class=\"p2\">Diese Ausbildung vermittelt dir ein fundiertes Basiswissen, welches du mit Hilfe des Handouts und den darin enthaltenen weiterf\u00fchrenden Literaturhinweisen und Links vertiefen kannst. Au\u00dferdem erh\u00e4ltst du eine Powerpoint Pr\u00e4sentation, die du als Basis f\u00fcr Vortr\u00e4ge zur veganen Vollwertern\u00e4hrung nutzen kannst. Nach Abschluss der Ausbildung kannst du: &#8211; vegane Ern\u00e4hrungsberatung in Einzelsitzungen oderals Gruppencoachings und Workshops anbieten &#8211; Vortr\u00e4ge zur veganen, vollwertigen Ern\u00e4hrung\/Lebensweise an Volkshochschulen, in Betrieben, \u00f6ffentlichen Einrichtungen, etc. halten Die Ausbildung ist ebenso geeignet f\u00fcr Heilpraktiker, \u00c4rzte, Therapeuten, Ern\u00e4hrungsberater wie f\u00fcr interessierte Laien. Teilnahmevoraussetzung: Grundkenntnisse in Yoga und Meditation. Offenheit auch f\u00fcr Yoga und Spiritualit\u00e4t.<\/p><p class=\"p2\">Pr\u00fcfung\/Zertifikat: Bei vollst\u00e4ndiger erfolgreicher Teilnahme an allen Ausbildungsteilen und Abschlussarbeit erh\u00e4ltst du das Zertifikat \u201eVegane\/r Ern\u00e4hrungsberater\/in (BYVG)\u201c, ca. 80 Unterrichtseinheite<\/p>\t\t\t\t\t\t<\/div>\n\t\t\t\t<\/div>\n\t\t\t\t\t<\/div>\n\t\t<\/div>\n\t\t\t\t<div class=\"elementor-column elementor-col-50 elementor-top-column elementor-element elementor-element-405fbbca\" data-id=\"405fbbca\" data-element_type=\"column\">\n\t\t\t<div class=\"elementor-widget-wrap elementor-element-populated\">\n\t\t\t\t\t\t<div class=\"elementor-element elementor-element-53cc0630 elementor-widget elementor-widget-image\" data-id=\"53cc0630\" data-element_type=\"widget\" data-widget_type=\"image.default\">\n\t\t\t\t<div class=\"elementor-widget-container\">\n\t\t\t<style>\/*! elementor - v3.23.0 - 05-08-2024 *\/\n.elementor-widget-image{text-align:center}.elementor-widget-image a{display:inline-block}.elementor-widget-image a img[src$=\".svg\"]{width:48px}.elementor-widget-image img{vertical-align:middle;display:inline-block}<\/style>\t\t\t\t\t\t\t\t\t\t<img loading=\"lazy\" decoding=\"async\" width=\"768\" height=\"512\" src=\"https:\/\/prokulturgut.net\/akademiederkulturen\/wp-content\/uploads\/sites\/5\/2024\/10\/pexels-yaroslav-shuraev-8844379-768x512.jpg\" class=\"attachment-medium_large size-medium_large wp-image-25235\" alt=\"\" srcset=\"https:\/\/prokulturgut.net\/akademiederkulturen\/wp-content\/uploads\/sites\/5\/2024\/10\/pexels-yaroslav-shuraev-8844379-768x512.jpg 768w, https:\/\/prokulturgut.net\/akademiederkulturen\/wp-content\/uploads\/sites\/5\/2024\/10\/pexels-yaroslav-shuraev-8844379-300x200.jpg 300w, https:\/\/prokulturgut.net\/akademiederkulturen\/wp-content\/uploads\/sites\/5\/2024\/10\/pexels-yaroslav-shuraev-8844379-1024x683.jpg 1024w, https:\/\/prokulturgut.net\/akademiederkulturen\/wp-content\/uploads\/sites\/5\/2024\/10\/pexels-yaroslav-shuraev-8844379-1536x1024.jpg 1536w, https:\/\/prokulturgut.net\/akademiederkulturen\/wp-content\/uploads\/sites\/5\/2024\/10\/pexels-yaroslav-shuraev-8844379-2048x1365.jpg 2048w\" sizes=\"(max-width: 768px) 100vw, 768px\" \/>\t\t\t\t\t\t\t\t\t\t\t\t\t<\/div>\n\t\t\t\t<\/div>\n\t\t\t\t<div class=\"elementor-element elementor-element-570e7d41 elementor-widget elementor-widget-spacer\" data-id=\"570e7d41\" data-element_type=\"widget\" data-widget_type=\"spacer.default\">\n\t\t\t\t<div class=\"elementor-widget-container\">\n\t\t\t<style>\/*! elementor - v3.23.0 - 05-08-2024 *\/\n.elementor-column .elementor-spacer-inner{height:var(--spacer-size)}.e-con{--container-widget-width:100%}.e-con-inner>.elementor-widget-spacer,.e-con>.elementor-widget-spacer{width:var(--container-widget-width,var(--spacer-size));--align-self:var(--container-widget-align-self,initial);--flex-shrink:0}.e-con-inner>.elementor-widget-spacer>.elementor-widget-container,.e-con>.elementor-widget-spacer>.elementor-widget-container{height:100%;width:100%}.e-con-inner>.elementor-widget-spacer>.elementor-widget-container>.elementor-spacer,.e-con>.elementor-widget-spacer>.elementor-widget-container>.elementor-spacer{height:100%}.e-con-inner>.elementor-widget-spacer>.elementor-widget-container>.elementor-spacer>.elementor-spacer-inner,.e-con>.elementor-widget-spacer>.elementor-widget-container>.elementor-spacer>.elementor-spacer-inner{height:var(--container-widget-height,var(--spacer-size))}.e-con-inner>.elementor-widget-spacer.elementor-widget-empty,.e-con>.elementor-widget-spacer.elementor-widget-empty{position:relative;min-height:22px;min-width:22px}.e-con-inner>.elementor-widget-spacer.elementor-widget-empty .elementor-widget-empty-icon,.e-con>.elementor-widget-spacer.elementor-widget-empty .elementor-widget-empty-icon{position:absolute;top:0;bottom:0;left:0;right:0;margin:auto;padding:0;width:22px;height:22px}<\/style>\t\t<div class=\"elementor-spacer\">\n\t\t\t<div class=\"elementor-spacer-inner\"><\/div>\n\t\t<\/div>\n\t\t\t\t<\/div>\n\t\t\t\t<\/div>\n\t\t\t\t<div class=\"elementor-element elementor-element-6bc41931 elementor-icon-list--layout-traditional elementor-list-item-link-full_width elementor-widget elementor-widget-icon-list\" data-id=\"6bc41931\" data-element_type=\"widget\" data-widget_type=\"icon-list.default\">\n\t\t\t\t<div class=\"elementor-widget-container\">\n\t\t\t<link rel=\"stylesheet\" href=\"https:\/\/prokulturgut.net\/akademiederkulturen\/wp-content\/plugins\/elementor\/assets\/css\/widget-icon-list.min.css\">\t\t<ul class=\"elementor-icon-list-items\">\n\t\t\t\t\t\t\t<li class=\"elementor-icon-list-item\">\n\t\t\t\t\t\t\t\t\t\t\t<span class=\"elementor-icon-list-icon\">\n\t\t\t\t\t\t\t<i aria-hidden=\"true\" class=\"fas fa-user\"><\/i>\t\t\t\t\t\t<\/span>\n\t\t\t\t\t\t\t\t\t\t<span class=\"elementor-icon-list-text\">Dozentin Julia Lang<\/span>\n\t\t\t\t\t\t\t\t\t<\/li>\n\t\t\t\t\t\t\t\t<li class=\"elementor-icon-list-item\">\n\t\t\t\t\t\t\t\t\t\t\t<span class=\"elementor-icon-list-icon\">\n\t\t\t\t\t\t\t<i aria-hidden=\"true\" class=\"fas fa-home\"><\/i>\t\t\t\t\t\t<\/span>\n\t\t\t\t\t\t\t\t\t\t<span class=\"elementor-icon-list-text\">WO: Haus Yoga Vidya, Bad Meinberg \/ Westfalen<\/span>\n\t\t\t\t\t\t\t\t\t<\/li>\n\t\t\t\t\t\t\t\t<li class=\"elementor-icon-list-item\">\n\t\t\t\t\t\t\t\t\t\t\t<span class=\"elementor-icon-list-icon\">\n\t\t\t\t\t\t\t<i aria-hidden=\"true\" class=\"fas fa-donate\"><\/i>\t\t\t\t\t\t<\/span>\n\t\t\t\t\t\t\t\t\t\t<span class=\"elementor-icon-list-text\"> TEILNAHMEGEB\u00dcHR: 80 Uh, Schlafsaal\/Zelt: 652\u20ac, MZ: 758\u20ac, DZ: 896\u20ac, EZ: 1033\u20ac (inkl. VP)<\/span>\n\t\t\t\t\t\t\t\t\t<\/li>\n\t\t\t\t\t\t\t\t<li class=\"elementor-icon-list-item\">\n\t\t\t\t\t\t\t\t\t\t\t<span class=\"elementor-icon-list-icon\">\n\t\t\t\t\t\t\t<i aria-hidden=\"true\" class=\"fas fa-id-badge\"><\/i>\t\t\t\t\t\t<\/span>\n\t\t\t\t\t\t\t\t\t\t<span class=\"elementor-icon-list-text\">ANMELDUNG UND INFO: yoga-vidya.de<\/span>\n\t\t\t\t\t\t\t\t\t<\/li>\n\t\t\t\t\t\t<\/ul>\n\t\t\t\t<\/div>\n\t\t\t\t<\/div>\n\t\t\t\t<div class=\"elementor-element elementor-element-7a361e62 elementor-widget elementor-widget-spacer\" data-id=\"7a361e62\" data-element_type=\"widget\" data-widget_type=\"spacer.default\">\n\t\t\t\t<div class=\"elementor-widget-container\">\n\t\t\t\t\t<div class=\"elementor-spacer\">\n\t\t\t<div class=\"elementor-spacer-inner\"><\/div>\n\t\t<\/div>\n\t\t\t\t<\/div>\n\t\t\t\t<\/div>\n\t\t\t\t\t<\/div>\n\t\t<\/div>\n\t\t\t\t\t<\/div>\n\t\t<\/section>\n\t\t\t\t<section class=\"elementor-section elementor-top-section elementor-element elementor-element-4ac340bc elementor-section-boxed elementor-section-height-default elementor-section-height-default\" data-id=\"4ac340bc\" data-element_type=\"section\" data-settings=\"{&quot;background_background&quot;:&quot;classic&quot;}\">\n\t\t\t\t\t\t<div class=\"elementor-container elementor-column-gap-default\">\n\t\t\t\t\t<div class=\"elementor-column elementor-col-100 elementor-top-column elementor-element elementor-element-6ebb3660\" data-id=\"6ebb3660\" data-element_type=\"column\">\n\t\t\t<div class=\"elementor-widget-wrap elementor-element-populated\">\n\t\t\t\t\t\t<div class=\"elementor-element elementor-element-5d7ded4a elementor-grid-eael-col-4 elementor-grid-tablet-eael-col-2 elementor-grid-mobile-eael-col-1 elementor-widget elementor-widget-eael-post-grid\" data-id=\"5d7ded4a\" data-element_type=\"widget\" data-settings=\"{&quot;eael_post_grid_columns&quot;:&quot;eael-col-4&quot;,&quot;eael_post_grid_columns_tablet&quot;:&quot;eael-col-2&quot;,&quot;eael_post_grid_columns_mobile&quot;:&quot;eael-col-1&quot;}\" data-widget_type=\"eael-post-grid.default\">\n\t\t\t\t<div class=\"elementor-widget-container\">\n\t\t\t<div id=\"eael-post-grid-5d7ded4a\" class=\"eael-post-grid-container\">\n            <div class=\"eael-post-grid eael-post-appender eael-post-appender-5d7ded4a eael-post-grid-style-one\" data-layout-mode=\"masonry\"><article class=\"eael-grid-post  eael-post-grid-column eael-pg-post-27457 category-allgemein-bildung\" data-id=\"27457\">\n        <div class=\"eael-grid-post-holder\">\n            <div class=\"eael-grid-post-holder-inner\"><div class=\"eael-entry-media\"><div class=\"eael-entry-overlay fade-in\"><i class=\"fas fa-arrow-circle-right\" aria-hidden=\"true\"><\/i><a href=\"https:\/\/prokulturgut.net\/akademiederkulturen\/2026\/03\/26\/05-10-09-10-26-stressmanagement-im-berufs-alltag\/\"><\/a><\/div><div class=\"eael-entry-thumbnail eael-image-ratio\">\n                <img loading=\"lazy\" decoding=\"async\" width=\"337\" height=\"256\" src=\"https:\/\/prokulturgut.net\/akademiederkulturen\/wp-content\/uploads\/sites\/5\/2023\/12\/pexels-daniel-torobekov-5694121-1111-e1686734744896.jpg\" class=\"attachment-medium_large size-medium_large wp-image-24293\" alt=\"\" srcset=\"https:\/\/prokulturgut.net\/akademiederkulturen\/wp-content\/uploads\/sites\/5\/2023\/12\/pexels-daniel-torobekov-5694121-1111-e1686734744896.jpg 337w, https:\/\/prokulturgut.net\/akademiederkulturen\/wp-content\/uploads\/sites\/5\/2023\/12\/pexels-daniel-torobekov-5694121-1111-e1686734744896-300x228.jpg 300w\" sizes=\"(max-width: 337px) 100vw, 337px\" \/>\n            <\/div>\n        <\/div><div class=\"eael-entry-wrapper\"><header class=\"eael-entry-header\"><h2 class=\"eael-entry-title\"><a class=\"eael-grid-post-link\" href=\"https:\/\/prokulturgut.net\/akademiederkulturen\/2026\/03\/26\/05-10-09-10-26-stressmanagement-im-berufs-alltag\/\" title=\"05.10.\u201309.10.26 | Stressmanagement im (Berufs-)Alltag\">05.10.\u201309.10.26 | Stressmanagement im (Berufs-)Alltag<\/a><\/h2><\/header><div class=\"eael-entry-content\">\n                        <div class=\"eael-grid-post-excerpt\"><p>05.10.\u201309.10.26 | Stressmanagement im (Berufs-)Alltag Zeitraum05.10.2026\u201309.10.2026 Zeiten 1. Tag11:00\u201312:30h, 13:30\u201318:15h 2. Tag9:00\u201312:45h, 14:00\u201318:30h, 19:30\u201320:30h 3. Tag09:00\u201312:45h, 14:00\u201318:15h 4. Tag9:00\u201312:45h, 14:00\u201318:30h,...<\/p><a href=\"https:\/\/prokulturgut.net\/akademiederkulturen\/2026\/03\/26\/05-10-09-10-26-stressmanagement-im-berufs-alltag\/\" class=\"eael-post-elements-readmore-btn\">Read More<\/a><\/div>\n                    <\/div><\/div><\/div>\n        <\/div>\n    <\/article><article class=\"eael-grid-post  eael-post-grid-column eael-pg-post-27434 category-aktuelles-allgemein\" data-id=\"27434\">\n        <div class=\"eael-grid-post-holder\">\n            <div class=\"eael-grid-post-holder-inner\"><div class=\"eael-entry-media\"><div class=\"eael-entry-overlay fade-in\"><i class=\"fas fa-arrow-circle-right\" aria-hidden=\"true\"><\/i><a href=\"https:\/\/prokulturgut.net\/akademiederkulturen\/2026\/03\/20\/28-06-03-07-26-meditation-yoga-und-mantra-singen\/\"><\/a><\/div><div class=\"eael-entry-thumbnail eael-image-ratio\">\n                <img loading=\"lazy\" decoding=\"async\" width=\"768\" height=\"1160\" src=\"https:\/\/prokulturgut.net\/akademiederkulturen\/wp-content\/uploads\/sites\/5\/2025\/12\/Yoga_Natur-768x1160.jpg\" class=\"attachment-medium_large size-medium_large wp-image-26635\" alt=\"\" srcset=\"https:\/\/prokulturgut.net\/akademiederkulturen\/wp-content\/uploads\/sites\/5\/2025\/12\/Yoga_Natur-768x1160.jpg 768w, https:\/\/prokulturgut.net\/akademiederkulturen\/wp-content\/uploads\/sites\/5\/2025\/12\/Yoga_Natur-199x300.jpg 199w, https:\/\/prokulturgut.net\/akademiederkulturen\/wp-content\/uploads\/sites\/5\/2025\/12\/Yoga_Natur-678x1024.jpg 678w, https:\/\/prokulturgut.net\/akademiederkulturen\/wp-content\/uploads\/sites\/5\/2025\/12\/Yoga_Natur-1017x1536.jpg 1017w, https:\/\/prokulturgut.net\/akademiederkulturen\/wp-content\/uploads\/sites\/5\/2025\/12\/Yoga_Natur-1357x2048.jpg 1357w, https:\/\/prokulturgut.net\/akademiederkulturen\/wp-content\/uploads\/sites\/5\/2025\/12\/Yoga_Natur-scaled.jpg 1696w\" sizes=\"(max-width: 768px) 100vw, 768px\" \/>\n            <\/div>\n        <\/div><div class=\"eael-entry-wrapper\"><header class=\"eael-entry-header\"><h2 class=\"eael-entry-title\"><a class=\"eael-grid-post-link\" href=\"https:\/\/prokulturgut.net\/akademiederkulturen\/2026\/03\/20\/28-06-03-07-26-meditation-yoga-und-mantra-singen\/\" title=\"28.06.\u201303.07.26 | Meditation, Yoga und Mantra-Singen\">28.06.\u201303.07.26 | Meditation, Yoga und Mantra-Singen<\/a><\/h2><\/header><div class=\"eael-entry-content\">\n                        <div class=\"eael-grid-post-excerpt\"><p>28.06.\u201303.07.26 | Meditation, Yoga und Mantra-Singen Zeitraum28.06.2026\u201303.07.2026 Zeiten Anreisetag16.30\u201318h, (19\u201320h), 20\u201322h Seminartag6\u20139h, 9.15\u201311h, 14\u201318h, 20\u201322h Abreisetag6\u20139h, 9.15\u201311h Halber Tag6\u20138h, (opt....<\/p><a href=\"https:\/\/prokulturgut.net\/akademiederkulturen\/2026\/03\/20\/28-06-03-07-26-meditation-yoga-und-mantra-singen\/\" class=\"eael-post-elements-readmore-btn\">Read More<\/a><\/div>\n                    <\/div><\/div><\/div>\n        <\/div>\n    <\/article><article class=\"eael-grid-post  eael-post-grid-column eael-pg-post-27359 category-allgemein-oeko-wissen\" data-id=\"27359\">\n        <div class=\"eael-grid-post-holder\">\n            <div class=\"eael-grid-post-holder-inner\"><div class=\"eael-entry-media\"><div class=\"eael-entry-overlay fade-in\"><i class=\"fas fa-arrow-circle-right\" aria-hidden=\"true\"><\/i><a href=\"https:\/\/prokulturgut.net\/akademiederkulturen\/2026\/03\/17\/food-forests\/\"><\/a><\/div><div class=\"eael-entry-thumbnail eael-image-ratio\">\n                <img loading=\"lazy\" decoding=\"async\" width=\"606\" height=\"1078\" src=\"https:\/\/prokulturgut.net\/akademiederkulturen\/wp-content\/uploads\/sites\/5\/2026\/03\/Design-ohne-Titel-2.png\" class=\"attachment-medium_large size-medium_large wp-image-27499\" alt=\"\" srcset=\"https:\/\/prokulturgut.net\/akademiederkulturen\/wp-content\/uploads\/sites\/5\/2026\/03\/Design-ohne-Titel-2.png 606w, https:\/\/prokulturgut.net\/akademiederkulturen\/wp-content\/uploads\/sites\/5\/2026\/03\/Design-ohne-Titel-2-169x300.png 169w, https:\/\/prokulturgut.net\/akademiederkulturen\/wp-content\/uploads\/sites\/5\/2026\/03\/Design-ohne-Titel-2-576x1024.png 576w\" sizes=\"(max-width: 606px) 100vw, 606px\" \/>\n            <\/div>\n        <\/div><div class=\"eael-entry-wrapper\"><header class=\"eael-entry-header\"><h2 class=\"eael-entry-title\"><a class=\"eael-grid-post-link\" href=\"https:\/\/prokulturgut.net\/akademiederkulturen\/2026\/03\/17\/food-forests\/\" title=\"Food Forests\">Food Forests<\/a><\/h2><\/header><div class=\"eael-entry-content\">\n                        <div class=\"eael-grid-post-excerpt\"><p>Food Forests Ein essbarer Wald (Food Forest oder Waldgarten) ist ein permakultur-inspiriertes Anbausystem, das die mehrschichtige Struktur nat\u00fcrlicher W\u00e4lder nachahmt,...<\/p><a href=\"https:\/\/prokulturgut.net\/akademiederkulturen\/2026\/03\/17\/food-forests\/\" class=\"eael-post-elements-readmore-btn\">Read More<\/a><\/div>\n                    <\/div><\/div><\/div>\n        <\/div>\n    <\/article><article class=\"eael-grid-post  eael-post-grid-column eael-pg-post-27373 category-allgemein-bildung-bildungsnews\" data-id=\"27373\">\n        <div class=\"eael-grid-post-holder\">\n            <div class=\"eael-grid-post-holder-inner\"><div class=\"eael-entry-media\"><div class=\"eael-entry-overlay fade-in\"><i class=\"fas fa-arrow-circle-right\" aria-hidden=\"true\"><\/i><a href=\"https:\/\/prokulturgut.net\/akademiederkulturen\/2026\/03\/12\/05-10-2026-09-10-2026-stressmanagement-im-berufs-alltag\/\"><\/a><\/div><div class=\"eael-entry-thumbnail eael-image-ratio\">\n                <img loading=\"lazy\" decoding=\"async\" width=\"768\" height=\"511\" src=\"https:\/\/prokulturgut.net\/akademiederkulturen\/wp-content\/uploads\/sites\/5\/2024\/12\/pexels-freestockpro-321576-768x511.jpg\" class=\"attachment-medium_large size-medium_large wp-image-25479\" alt=\"\" srcset=\"https:\/\/prokulturgut.net\/akademiederkulturen\/wp-content\/uploads\/sites\/5\/2024\/12\/pexels-freestockpro-321576-768x511.jpg 768w, https:\/\/prokulturgut.net\/akademiederkulturen\/wp-content\/uploads\/sites\/5\/2024\/12\/pexels-freestockpro-321576-300x200.jpg 300w, https:\/\/prokulturgut.net\/akademiederkulturen\/wp-content\/uploads\/sites\/5\/2024\/12\/pexels-freestockpro-321576-1024x681.jpg 1024w, https:\/\/prokulturgut.net\/akademiederkulturen\/wp-content\/uploads\/sites\/5\/2024\/12\/pexels-freestockpro-321576-1536x1022.jpg 1536w, https:\/\/prokulturgut.net\/akademiederkulturen\/wp-content\/uploads\/sites\/5\/2024\/12\/pexels-freestockpro-321576-2048x1363.jpg 2048w\" sizes=\"(max-width: 768px) 100vw, 768px\" \/>\n            <\/div>\n        <\/div><div class=\"eael-entry-wrapper\"><header class=\"eael-entry-header\"><h2 class=\"eael-entry-title\"><a class=\"eael-grid-post-link\" href=\"https:\/\/prokulturgut.net\/akademiederkulturen\/2026\/03\/12\/05-10-2026-09-10-2026-stressmanagement-im-berufs-alltag\/\" title=\"05.10.\u201309.10.26 | Embodiment &#038; innere Resilienz st\u00e4rken im Kloster Steinfeld\">05.10.\u201309.10.26 | Embodiment &#038; innere Resilienz st\u00e4rken im Kloster Steinfeld<\/a><\/h2><\/header><div class=\"eael-entry-content\">\n                        <div class=\"eael-grid-post-excerpt\"><p>05.10.\u201309.10.26 | Embodiment &amp; innere Resilienz st\u00e4rken im Kloster Steinfeld Zeitraum31.08.2026\u201304.09.2026 Zeiten \u00a0 1. Tag: 11:00-12:30h, 13:30-18:15h, 2. Tag: 9:00-12:45h,...<\/p><a href=\"https:\/\/prokulturgut.net\/akademiederkulturen\/2026\/03\/12\/05-10-2026-09-10-2026-stressmanagement-im-berufs-alltag\/\" class=\"eael-post-elements-readmore-btn\">Read More<\/a><\/div>\n                    <\/div><\/div><\/div>\n        <\/div>\n    <\/article><\/div>\n            <div class=\"clearfix\"><\/div>\n        <\/div>            <div class=\"eael-load-more-button-wrap\">\n                <button class=\"eael-load-more-button\" id=\"eael-load-more-btn-5d7ded4a\" data-widget-id=\"5d7ded4a\" data-widget=\"5d7ded4a\" data-page-id=\"25232\" data-template=\"{&quot;dir&quot;:&quot;lite&quot;,&quot;file_name&quot;:&quot;one.php&quot;,&quot;name&quot;:&quot;Post-Grid&quot;}\" data-class=\"Essential_Addons_Elementor\\Elements\\Post_Grid\" data-layout=\"masonry\" data-page=\"1\" data-args=\"orderby=date&amp;order=desc&amp;ignore_sticky_posts=1&amp;post_status=publish&amp;posts_per_page=4&amp;offset=1&amp;post_type=post\" data-max-page=\"44\">\n                    <span class=\"eael-btn-loader button__loader\"><\/span>\n                    <span class=\"eael_load_more_text\">Load More<\/span>\n                <\/button>\n            <\/div>\n            \t\t<\/div>\n\t\t\t\t<\/div>\n\t\t\t\t\t<\/div>\n\t\t<\/div>\n\t\t\t\t\t<\/div>\n\t\t<\/section>\n\t\t\t\t<\/div>\n\t\t","protected":false},"excerpt":{"rendered":"<p>Vegane Ern\u00e4hrungsberater\/in Ausbildung 24.11.2024-01.12.2024 Anreisetag: 16.30-18h, 19-22h Seminartag: 6-9h, 9.15-11h, 14-18h, 20-22h Abreisetag 6-9h, 9.15-11h halber Tag: 6-8h, (9.15-11h), 20-22h Akademie der Kulturen NRW: Ausbildung \/ BILDUNGSURLAUB Nr: ABMY16587 Julia Lang \u00b7 80 Uh, Schlafsaal\/Zelt: 652\u20ac, MZ: 758\u20ac, DZ: 896\u20ac, EZ: 1033\u20ac (inkl. VP) \u00a0 Immer mehr Menschen streben einen sattwigen, also einen reinen und [&hellip;]<\/p>\n","protected":false},"author":82,"featured_media":25235,"comment_status":"closed","ping_status":"open","sticky":false,"template":"","format":"standard","meta":[],"categories":[1,83],"tags":[],"yoast_head":"<!-- This site is optimized with the Yoast SEO plugin v20.11 - https:\/\/yoast.com\/wordpress\/plugins\/seo\/ -->\n<title>Vegane Ern\u00e4hrungsberater\/in Ausbildung - Akademie der Kulturen NRW<\/title>\n<meta name=\"robots\" content=\"index, follow, max-snippet:-1, max-image-preview:large, max-video-preview:-1\" \/>\n<link rel=\"canonical\" href=\"https:\/\/prokulturgut.net\/akademiederkulturen\/2024\/10\/17\/vegane-ernaehrungsberater-in-ausbildung\/\" \/>\n<meta property=\"og:locale\" content=\"de_DE\" \/>\n<meta property=\"og:type\" content=\"article\" \/>\n<meta property=\"og:title\" content=\"Vegane Ern\u00e4hrungsberater\/in Ausbildung - Akademie der Kulturen NRW\" \/>\n<meta property=\"og:description\" content=\"Vegane Ern\u00e4hrungsberater\/in Ausbildung 24.11.2024-01.12.2024 Anreisetag: 16.30-18h, 19-22h Seminartag: 6-9h, 9.15-11h, 14-18h, 20-22h Abreisetag 6-9h, 9.15-11h halber Tag: 6-8h, (9.15-11h), 20-22h Akademie der Kulturen NRW: Ausbildung \/ BILDUNGSURLAUB Nr: ABMY16587 Julia Lang \u00b7 80 Uh, Schlafsaal\/Zelt: 652\u20ac, MZ: 758\u20ac, DZ: 896\u20ac, EZ: 1033\u20ac (inkl. VP) \u00a0 Immer mehr Menschen streben einen sattwigen, also einen reinen und [&hellip;]\" \/>\n<meta property=\"og:url\" content=\"https:\/\/prokulturgut.net\/akademiederkulturen\/2024\/10\/17\/vegane-ernaehrungsberater-in-ausbildung\/\" \/>\n<meta property=\"og:site_name\" content=\"Akademie der Kulturen NRW\" \/>\n<meta property=\"article:published_time\" content=\"2024-10-17T06:47:44+00:00\" \/>\n<meta property=\"article:modified_time\" content=\"2024-10-17T06:53:49+00:00\" \/>\n<meta property=\"og:image\" content=\"https:\/\/prokulturgut.net\/akademiederkulturen\/wp-content\/uploads\/sites\/5\/2024\/10\/pexels-yaroslav-shuraev-8844379-scaled.jpg\" \/>\n\t<meta property=\"og:image:width\" content=\"2560\" \/>\n\t<meta property=\"og:image:height\" content=\"1707\" \/>\n\t<meta property=\"og:image:type\" content=\"image\/jpeg\" \/>\n<meta name=\"author\" content=\"christopher\" \/>\n<meta name=\"twitter:card\" content=\"summary_large_image\" \/>\n<meta name=\"twitter:creator\" content=\"@christopher\" \/>\n<meta name=\"twitter:label1\" content=\"Verfasst von\" \/>\n\t<meta name=\"twitter:data1\" content=\"christopher\" \/>\n\t<meta name=\"twitter:label2\" content=\"Gesch\u00e4tzte Lesezeit\" \/>\n\t<meta name=\"twitter:data2\" content=\"4 Minuten\" \/>\n<script type=\"application\/ld+json\" class=\"yoast-schema-graph\">{\"@context\":\"https:\/\/schema.org\",\"@graph\":[{\"@type\":\"Article\",\"@id\":\"https:\/\/prokulturgut.net\/akademiederkulturen\/2024\/10\/17\/vegane-ernaehrungsberater-in-ausbildung\/#article\",\"isPartOf\":{\"@id\":\"https:\/\/prokulturgut.net\/akademiederkulturen\/2024\/10\/17\/vegane-ernaehrungsberater-in-ausbildung\/\"},\"author\":{\"name\":\"christopher\",\"@id\":\"https:\/\/prokulturgut.net\/akademiederkulturen\/#\/schema\/person\/7cca066c4bb3f6bf6fed0fe40f022e82\"},\"headline\":\"Vegane Ern\u00e4hrungsberater\/in Ausbildung\",\"datePublished\":\"2024-10-17T06:47:44+00:00\",\"dateModified\":\"2024-10-17T06:53:49+00:00\",\"mainEntityOfPage\":{\"@id\":\"https:\/\/prokulturgut.net\/akademiederkulturen\/2024\/10\/17\/vegane-ernaehrungsberater-in-ausbildung\/\"},\"wordCount\":488,\"publisher\":{\"@id\":\"https:\/\/prokulturgut.net\/akademiederkulturen\/#organization\"},\"articleSection\":{\"1\":\"Ausbildung\"},\"inLanguage\":\"de-DE\"},{\"@type\":\"WebPage\",\"@id\":\"https:\/\/prokulturgut.net\/akademiederkulturen\/2024\/10\/17\/vegane-ernaehrungsberater-in-ausbildung\/\",\"url\":\"https:\/\/prokulturgut.net\/akademiederkulturen\/2024\/10\/17\/vegane-ernaehrungsberater-in-ausbildung\/\",\"name\":\"Vegane Ern\u00e4hrungsberater\/in Ausbildung - Akademie der Kulturen NRW\",\"isPartOf\":{\"@id\":\"https:\/\/prokulturgut.net\/akademiederkulturen\/#website\"},\"datePublished\":\"2024-10-17T06:47:44+00:00\",\"dateModified\":\"2024-10-17T06:53:49+00:00\",\"breadcrumb\":{\"@id\":\"https:\/\/prokulturgut.net\/akademiederkulturen\/2024\/10\/17\/vegane-ernaehrungsberater-in-ausbildung\/#breadcrumb\"},\"inLanguage\":\"de-DE\",\"potentialAction\":[{\"@type\":\"ReadAction\",\"target\":[\"https:\/\/prokulturgut.net\/akademiederkulturen\/2024\/10\/17\/vegane-ernaehrungsberater-in-ausbildung\/\"]}]},{\"@type\":\"BreadcrumbList\",\"@id\":\"https:\/\/prokulturgut.net\/akademiederkulturen\/2024\/10\/17\/vegane-ernaehrungsberater-in-ausbildung\/#breadcrumb\",\"itemListElement\":[{\"@type\":\"ListItem\",\"position\":1,\"name\":\"Home\",\"item\":\"https:\/\/prokulturgut.net\/akademiederkulturen\/\"},{\"@type\":\"ListItem\",\"position\":2,\"name\":\"Vegane Ern\u00e4hrungsberater\/in Ausbildung\"}]},{\"@type\":\"WebSite\",\"@id\":\"https:\/\/prokulturgut.net\/akademiederkulturen\/#website\",\"url\":\"https:\/\/prokulturgut.net\/akademiederkulturen\/\",\"name\":\"Akademie der Kulturen NRW\",\"description\":\"\",\"publisher\":{\"@id\":\"https:\/\/prokulturgut.net\/akademiederkulturen\/#organization\"},\"potentialAction\":[{\"@type\":\"SearchAction\",\"target\":{\"@type\":\"EntryPoint\",\"urlTemplate\":\"https:\/\/prokulturgut.net\/akademiederkulturen\/?s={search_term_string}\"},\"query-input\":\"required name=search_term_string\"}],\"inLanguage\":\"de-DE\"},{\"@type\":\"Organization\",\"@id\":\"https:\/\/prokulturgut.net\/akademiederkulturen\/#organization\",\"name\":\"Akademie der Kulturen NRW\",\"url\":\"https:\/\/prokulturgut.net\/akademiederkulturen\/\",\"logo\":{\"@type\":\"ImageObject\",\"inLanguage\":\"de-DE\",\"@id\":\"https:\/\/prokulturgut.net\/akademiederkulturen\/#\/schema\/logo\/image\/\",\"url\":\"https:\/\/prokulturgut.net\/akademiederkulturen\/wp-content\/uploads\/sites\/5\/2023\/12\/cropped-Logo_Farbe.png\",\"contentUrl\":\"https:\/\/prokulturgut.net\/akademiederkulturen\/wp-content\/uploads\/sites\/5\/2023\/12\/cropped-Logo_Farbe.png\",\"width\":412,\"height\":118,\"caption\":\"Akademie der Kulturen NRW\"},\"image\":{\"@id\":\"https:\/\/prokulturgut.net\/akademiederkulturen\/#\/schema\/logo\/image\/\"}},{\"@type\":\"Person\",\"@id\":\"https:\/\/prokulturgut.net\/akademiederkulturen\/#\/schema\/person\/7cca066c4bb3f6bf6fed0fe40f022e82\",\"name\":\"christopher\",\"image\":{\"@type\":\"ImageObject\",\"inLanguage\":\"de-DE\",\"@id\":\"https:\/\/prokulturgut.net\/akademiederkulturen\/#\/schema\/person\/image\/\",\"url\":\"https:\/\/secure.gravatar.com\/avatar\/d94f6274ab276de3375f5149f150d8a7?s=96&d=mm&r=g\",\"contentUrl\":\"https:\/\/secure.gravatar.com\/avatar\/d94f6274ab276de3375f5149f150d8a7?s=96&d=mm&r=g\",\"caption\":\"christopher\"},\"sameAs\":[\"https:\/\/twitter.com\/christopher\"],\"url\":\"https:\/\/prokulturgut.net\/akademiederkulturen\/author\/christopher\/\"}]}<\/script>\n<!-- \/ Yoast SEO plugin. -->","yoast_head_json":{"title":"Vegane Ern\u00e4hrungsberater\/in Ausbildung - Akademie der Kulturen NRW","robots":{"index":"index","follow":"follow","max-snippet":"max-snippet:-1","max-image-preview":"max-image-preview:large","max-video-preview":"max-video-preview:-1"},"canonical":"https:\/\/prokulturgut.net\/akademiederkulturen\/2024\/10\/17\/vegane-ernaehrungsberater-in-ausbildung\/","og_locale":"de_DE","og_type":"article","og_title":"Vegane Ern\u00e4hrungsberater\/in Ausbildung - Akademie der Kulturen NRW","og_description":"Vegane Ern\u00e4hrungsberater\/in Ausbildung 24.11.2024-01.12.2024 Anreisetag: 16.30-18h, 19-22h Seminartag: 6-9h, 9.15-11h, 14-18h, 20-22h Abreisetag 6-9h, 9.15-11h halber Tag: 6-8h, (9.15-11h), 20-22h Akademie der Kulturen NRW: Ausbildung \/ BILDUNGSURLAUB Nr: ABMY16587 Julia Lang \u00b7 80 Uh, Schlafsaal\/Zelt: 652\u20ac, MZ: 758\u20ac, DZ: 896\u20ac, EZ: 1033\u20ac (inkl. VP) \u00a0 Immer mehr Menschen streben einen sattwigen, also einen reinen und [&hellip;]","og_url":"https:\/\/prokulturgut.net\/akademiederkulturen\/2024\/10\/17\/vegane-ernaehrungsberater-in-ausbildung\/","og_site_name":"Akademie der Kulturen NRW","article_published_time":"2024-10-17T06:47:44+00:00","article_modified_time":"2024-10-17T06:53:49+00:00","og_image":[{"width":2560,"height":1707,"url":"https:\/\/prokulturgut.net\/akademiederkulturen\/wp-content\/uploads\/sites\/5\/2024\/10\/pexels-yaroslav-shuraev-8844379-scaled.jpg","type":"image\/jpeg"}],"author":"christopher","twitter_card":"summary_large_image","twitter_creator":"@christopher","twitter_misc":{"Verfasst von":"christopher","Gesch\u00e4tzte Lesezeit":"4 Minuten"},"schema":{"@context":"https:\/\/schema.org","@graph":[{"@type":"Article","@id":"https:\/\/prokulturgut.net\/akademiederkulturen\/2024\/10\/17\/vegane-ernaehrungsberater-in-ausbildung\/#article","isPartOf":{"@id":"https:\/\/prokulturgut.net\/akademiederkulturen\/2024\/10\/17\/vegane-ernaehrungsberater-in-ausbildung\/"},"author":{"name":"christopher","@id":"https:\/\/prokulturgut.net\/akademiederkulturen\/#\/schema\/person\/7cca066c4bb3f6bf6fed0fe40f022e82"},"headline":"Vegane Ern\u00e4hrungsberater\/in Ausbildung","datePublished":"2024-10-17T06:47:44+00:00","dateModified":"2024-10-17T06:53:49+00:00","mainEntityOfPage":{"@id":"https:\/\/prokulturgut.net\/akademiederkulturen\/2024\/10\/17\/vegane-ernaehrungsberater-in-ausbildung\/"},"wordCount":488,"publisher":{"@id":"https:\/\/prokulturgut.net\/akademiederkulturen\/#organization"},"articleSection":{"1":"Ausbildung"},"inLanguage":"de-DE"},{"@type":"WebPage","@id":"https:\/\/prokulturgut.net\/akademiederkulturen\/2024\/10\/17\/vegane-ernaehrungsberater-in-ausbildung\/","url":"https:\/\/prokulturgut.net\/akademiederkulturen\/2024\/10\/17\/vegane-ernaehrungsberater-in-ausbildung\/","name":"Vegane Ern\u00e4hrungsberater\/in Ausbildung - Akademie der Kulturen NRW","isPartOf":{"@id":"https:\/\/prokulturgut.net\/akademiederkulturen\/#website"},"datePublished":"2024-10-17T06:47:44+00:00","dateModified":"2024-10-17T06:53:49+00:00","breadcrumb":{"@id":"https:\/\/prokulturgut.net\/akademiederkulturen\/2024\/10\/17\/vegane-ernaehrungsberater-in-ausbildung\/#breadcrumb"},"inLanguage":"de-DE","potentialAction":[{"@type":"ReadAction","target":["https:\/\/prokulturgut.net\/akademiederkulturen\/2024\/10\/17\/vegane-ernaehrungsberater-in-ausbildung\/"]}]},{"@type":"BreadcrumbList","@id":"https:\/\/prokulturgut.net\/akademiederkulturen\/2024\/10\/17\/vegane-ernaehrungsberater-in-ausbildung\/#breadcrumb","itemListElement":[{"@type":"ListItem","position":1,"name":"Home","item":"https:\/\/prokulturgut.net\/akademiederkulturen\/"},{"@type":"ListItem","position":2,"name":"Vegane Ern\u00e4hrungsberater\/in Ausbildung"}]},{"@type":"WebSite","@id":"https:\/\/prokulturgut.net\/akademiederkulturen\/#website","url":"https:\/\/prokulturgut.net\/akademiederkulturen\/","name":"Akademie der Kulturen NRW","description":"","publisher":{"@id":"https:\/\/prokulturgut.net\/akademiederkulturen\/#organization"},"potentialAction":[{"@type":"SearchAction","target":{"@type":"EntryPoint","urlTemplate":"https:\/\/prokulturgut.net\/akademiederkulturen\/?s={search_term_string}"},"query-input":"required name=search_term_string"}],"inLanguage":"de-DE"},{"@type":"Organization","@id":"https:\/\/prokulturgut.net\/akademiederkulturen\/#organization","name":"Akademie der Kulturen NRW","url":"https:\/\/prokulturgut.net\/akademiederkulturen\/","logo":{"@type":"ImageObject","inLanguage":"de-DE","@id":"https:\/\/prokulturgut.net\/akademiederkulturen\/#\/schema\/logo\/image\/","url":"https:\/\/prokulturgut.net\/akademiederkulturen\/wp-content\/uploads\/sites\/5\/2023\/12\/cropped-Logo_Farbe.png","contentUrl":"https:\/\/prokulturgut.net\/akademiederkulturen\/wp-content\/uploads\/sites\/5\/2023\/12\/cropped-Logo_Farbe.png","width":412,"height":118,"caption":"Akademie der Kulturen NRW"},"image":{"@id":"https:\/\/prokulturgut.net\/akademiederkulturen\/#\/schema\/logo\/image\/"}},{"@type":"Person","@id":"https:\/\/prokulturgut.net\/akademiederkulturen\/#\/schema\/person\/7cca066c4bb3f6bf6fed0fe40f022e82","name":"christopher","image":{"@type":"ImageObject","inLanguage":"de-DE","@id":"https:\/\/prokulturgut.net\/akademiederkulturen\/#\/schema\/person\/image\/","url":"https:\/\/secure.gravatar.com\/avatar\/d94f6274ab276de3375f5149f150d8a7?s=96&d=mm&r=g","contentUrl":"https:\/\/secure.gravatar.com\/avatar\/d94f6274ab276de3375f5149f150d8a7?s=96&d=mm&r=g","caption":"christopher"},"sameAs":["https:\/\/twitter.com\/christopher"],"url":"https:\/\/prokulturgut.net\/akademiederkulturen\/author\/christopher\/"}]}},"_links":{"self":[{"href":"https:\/\/prokulturgut.net\/akademiederkulturen\/wp-json\/wp\/v2\/posts\/25232"}],"collection":[{"href":"https:\/\/prokulturgut.net\/akademiederkulturen\/wp-json\/wp\/v2\/posts"}],"about":[{"href":"https:\/\/prokulturgut.net\/akademiederkulturen\/wp-json\/wp\/v2\/types\/post"}],"author":[{"embeddable":true,"href":"https:\/\/prokulturgut.net\/akademiederkulturen\/wp-json\/wp\/v2\/users\/82"}],"replies":[{"embeddable":true,"href":"https:\/\/prokulturgut.net\/akademiederkulturen\/wp-json\/wp\/v2\/comments?post=25232"}],"version-history":[{"count":15,"href":"https:\/\/prokulturgut.net\/akademiederkulturen\/wp-json\/wp\/v2\/posts\/25232\/revisions"}],"predecessor-version":[{"id":25249,"href":"https:\/\/prokulturgut.net\/akademiederkulturen\/wp-json\/wp\/v2\/posts\/25232\/revisions\/25249"}],"wp:featuredmedia":[{"embeddable":true,"href":"https:\/\/prokulturgut.net\/akademiederkulturen\/wp-json\/wp\/v2\/media\/25235"}],"wp:attachment":[{"href":"https:\/\/prokulturgut.net\/akademiederkulturen\/wp-json\/wp\/v2\/media?parent=25232"}],"wp:term":[{"taxonomy":"category","embeddable":true,"href":"https:\/\/prokulturgut.net\/akademiederkulturen\/wp-json\/wp\/v2\/categories?post=25232"},{"taxonomy":"post_tag","embeddable":true,"href":"https:\/\/prokulturgut.net\/akademiederkulturen\/wp-json\/wp\/v2\/tags?post=25232"}],"curies":[{"name":"wp","href":"https:\/\/api.w.org\/{rel}","templated":true}]}}