{"id":25573,"date":"2025-02-10T10:20:05","date_gmt":"2025-02-10T09:20:05","guid":{"rendered":"https:\/\/prokulturgut.net\/akademiederkulturen\/?p=25573"},"modified":"2025-02-10T12:28:33","modified_gmt":"2025-02-10T11:28:33","slug":"body-communication-praxiszeit","status":"publish","type":"post","link":"https:\/\/prokulturgut.net\/akademiederkulturen\/2025\/02\/10\/body-communication-praxiszeit\/","title":{"rendered":"Body Communication Praxiszeit\u00a0"},"content":{"rendered":"\t\t<div data-elementor-type=\"wp-post\" data-elementor-id=\"25573\" class=\"elementor elementor-25573\">\n\t\t\t\t\t\t<section class=\"elementor-section elementor-top-section elementor-element elementor-element-6e47d4f4 elementor-section-boxed elementor-section-height-default elementor-section-height-default\" data-id=\"6e47d4f4\" data-element_type=\"section\" data-settings=\"{&quot;background_background&quot;:&quot;classic&quot;}\">\n\t\t\t\t\t\t<div class=\"elementor-container elementor-column-gap-default\">\n\t\t\t\t\t<div class=\"elementor-column elementor-col-100 elementor-top-column elementor-element elementor-element-1d814131\" data-id=\"1d814131\" data-element_type=\"column\">\n\t\t\t<div class=\"elementor-widget-wrap elementor-element-populated\">\n\t\t\t\t\t\t<div class=\"elementor-element elementor-element-62bedf49 elementor-widget elementor-widget-heading\" data-id=\"62bedf49\" data-element_type=\"widget\" data-widget_type=\"heading.default\">\n\t\t\t\t<div class=\"elementor-widget-container\">\n\t\t\t<style>\/*! elementor - v3.23.0 - 05-08-2024 *\/\n.elementor-heading-title{padding:0;margin:0;line-height:1}.elementor-widget-heading .elementor-heading-title[class*=elementor-size-]>a{color:inherit;font-size:inherit;line-height:inherit}.elementor-widget-heading .elementor-heading-title.elementor-size-small{font-size:15px}.elementor-widget-heading .elementor-heading-title.elementor-size-medium{font-size:19px}.elementor-widget-heading .elementor-heading-title.elementor-size-large{font-size:29px}.elementor-widget-heading .elementor-heading-title.elementor-size-xl{font-size:39px}.elementor-widget-heading .elementor-heading-title.elementor-size-xxl{font-size:59px}<\/style><h2 class=\"elementor-heading-title elementor-size-default\">Body Communication Praxiszeit \n<\/h2>\t\t<\/div>\n\t\t\t\t<\/div>\n\t\t\t\t\t<\/div>\n\t\t<\/div>\n\t\t\t\t\t<\/div>\n\t\t<\/section>\n\t\t\t\t<section class=\"elementor-section elementor-top-section elementor-element elementor-element-108f685d elementor-section-boxed elementor-section-height-default elementor-section-height-default\" data-id=\"108f685d\" data-element_type=\"section\" data-settings=\"{&quot;background_background&quot;:&quot;classic&quot;}\">\n\t\t\t\t\t\t<div class=\"elementor-container elementor-column-gap-default\">\n\t\t\t\t\t<div class=\"elementor-column elementor-col-50 elementor-top-column elementor-element elementor-element-3e610acb\" data-id=\"3e610acb\" data-element_type=\"column\">\n\t\t\t<div class=\"elementor-widget-wrap elementor-element-populated\">\n\t\t\t\t\t\t<div class=\"elementor-element elementor-element-6978f509 elementor-widget__width-initial elementor-widget elementor-widget-text-editor\" data-id=\"6978f509\" data-element_type=\"widget\" data-widget_type=\"text-editor.default\">\n\t\t\t\t<div class=\"elementor-widget-container\">\n\t\t\t<style>\/*! elementor - v3.23.0 - 05-08-2024 *\/\n.elementor-widget-text-editor.elementor-drop-cap-view-stacked .elementor-drop-cap{background-color:#69727d;color:#fff}.elementor-widget-text-editor.elementor-drop-cap-view-framed .elementor-drop-cap{color:#69727d;border:3px solid;background-color:transparent}.elementor-widget-text-editor:not(.elementor-drop-cap-view-default) .elementor-drop-cap{margin-top:8px}.elementor-widget-text-editor:not(.elementor-drop-cap-view-default) .elementor-drop-cap-letter{width:1em;height:1em}.elementor-widget-text-editor .elementor-drop-cap{float:left;text-align:center;line-height:1;font-size:50px}.elementor-widget-text-editor .elementor-drop-cap-letter{display:inline-block}<\/style>\t\t\t\t<p class=\"p1\"><b>Contact Improvisation &#8211; das Spiel des nonverbalen Dialogs\u00a0<\/b><\/p><p class=\"p1\">Im Rahmen des Entwicklungsprojekts Tanz<\/p><p class=\"p1\">In diesem Halbjahr bieten wir ein Sonderprogramm der Akademie der Kulturen NRW des Kulturgut e.V. an.<\/p><p class=\"p1\">Dies sind offene Angebote, die neue Zielgruppen in unserem Sozialraum ansprechen, um Ihnen neue Erfahrung erschlie\u00dfen, die sie in ihrer pers\u00f6nlichen und sozialen Entwicklung z.B. auch ihrer Integration unterst\u00fctzen. Gef\u00f6rdert durch das Land NRW im Rahmen der Entwicklungsprojekte Weiterbildung.<\/p><p class=\"p1\">Hier haben wir den Raum, uns im nonverbalen Dialog miteinander auszuprobieren.<\/p><p class=\"p1\">Wie agieren die K\u00f6rper miteinander? Wo bin ich, wo bist du? Es ist ein Spiel mit dem Gewicht und dem Loslassen in dem Flow der gegenseitigen Impulse &#8211; dem Genuss der intuitiven Bewegung miteinander zu folgen.\u00a0<span style=\"color: var( --e-global-color-text ); font-family: var( --e-global-typography-text-font-family ), Sans-serif; font-weight: var( --e-global-typography-text-font-weight ); font-size: 1rem;\">Wir werden in diesem Halbjahr den kreativen Rahmen erweitern: Es wird Stifte, Farben und Papier geben, sodass du, falls du magst, w\u00e4hrend der Jam auch intuitiv Gedanken aufschreiben und Bilder malen kannst, egal ob aus deinen Beobachtungen oder was auch immer in dir hochkommt. Das kannst du am Ende teilen oder auch nur f\u00fcr dich bewahren.<\/span><\/p><p class=\"p1\"><b>Was k\u00f6nnen wir hier mitnehmen:<\/b><\/p><p class=\"p1\">Eine Anleitung und Inspiration uns im freien Tanz kreativ zu bewegen, unseren K\u00f6rper neu zu erfahren und neue M\u00f6glichkeiten zu erkunden den nonverbalen Dialog im Kontakt mit anderen zu gestalten, gemeinsames Flie\u00dfen und dennoch dem eigenen Tanz folgen das Spielen mit dem K\u00f6rpergewicht, geben nehmen teilen, flie\u00dfen\u00a0<span style=\"color: var( --e-global-color-text ); font-family: var( --e-global-typography-text-font-family ), Sans-serif; font-weight: var( --e-global-typography-text-font-weight ); font-size: 1rem;\">wir erfahren Achtsamkeit mit dem eigenen K\u00f6rper und den Bed\u00fcrfnissen, dem Raum und den Mitt\u00e4nzer*innen.\u00a0<\/span><span style=\"color: var( --e-global-color-text ); font-family: var( --e-global-typography-text-font-family ), Sans-serif; font-weight: var( --e-global-typography-text-font-weight ); font-size: 1rem;\">Du kannst dich alleine bewegen, zu zweit, mit mehreren. Du kannst dich austauschen, deiner Dynamik folgen.\u00a0<\/span><span style=\"color: var( --e-global-color-text ); font-family: var( --e-global-typography-text-font-family ), Sans-serif; font-weight: var( --e-global-typography-text-font-weight ); font-size: 1rem;\">Es entsteht ein gemeinsamer vertrauensvoller Raum, der f\u00fcr alle Level offen ist, jeden willkommen hei\u00dft.<\/span><\/p><p class=\"p1\">Musik: wir haben entweder Live &#8211; Musiker oder wechseln zwischen Stille und unterschiedlicher Musik.\u00a0<span style=\"color: var( --e-global-color-text ); font-family: var( --e-global-typography-text-font-family ), Sans-serif; font-weight: var( --e-global-typography-text-font-weight ); font-size: 1rem;\">Du kannst gerne ein Instrument mitbringen. Wir werden auch einige vor Ort haben.<\/span><\/p><p class=\"p1\">Eine Spendenbox f\u00fcr Raum\/Heizkosten wird aufgestellt, Richtwert 7-10,-\u20ac, gib was dein Herz dir sagt!<\/p><p class=\"p1\">Diese Veranstaltung ist Teil des Entwicklungsprojekts der Akademie der Kulturen NRW.<\/p><p class=\"p1\">25.1.; 15.2.; 30.3. ; 17.5.; 21.6.<span class=\"Apple-converted-space\">\u00a0 <\/span>16.30 \u2013 20h inkl. 30 Min Pause<\/p><p class=\"p1\">20 UE<\/p>\t\t\t\t\t\t<\/div>\n\t\t\t\t<\/div>\n\t\t\t\t\t<\/div>\n\t\t<\/div>\n\t\t\t\t<div class=\"elementor-column elementor-col-50 elementor-top-column elementor-element elementor-element-566f276\" data-id=\"566f276\" data-element_type=\"column\">\n\t\t\t<div class=\"elementor-widget-wrap elementor-element-populated\">\n\t\t\t\t\t\t<div class=\"elementor-element elementor-element-79bad930 elementor-widget elementor-widget-image\" data-id=\"79bad930\" data-element_type=\"widget\" data-widget_type=\"image.default\">\n\t\t\t\t<div class=\"elementor-widget-container\">\n\t\t\t<style>\/*! elementor - v3.23.0 - 05-08-2024 *\/\n.elementor-widget-image{text-align:center}.elementor-widget-image a{display:inline-block}.elementor-widget-image a img[src$=\".svg\"]{width:48px}.elementor-widget-image img{vertical-align:middle;display:inline-block}<\/style>\t\t\t\t\t\t\t\t\t\t<img loading=\"lazy\" decoding=\"async\" width=\"800\" height=\"491\" src=\"https:\/\/prokulturgut.net\/akademiederkulturen\/wp-content\/uploads\/sites\/5\/2024\/05\/Gabriele-Koch-Tanz-1024x629.png\" class=\"attachment-large size-large wp-image-24948\" alt=\"\" srcset=\"https:\/\/prokulturgut.net\/akademiederkulturen\/wp-content\/uploads\/sites\/5\/2024\/05\/Gabriele-Koch-Tanz-1024x629.png 1024w, https:\/\/prokulturgut.net\/akademiederkulturen\/wp-content\/uploads\/sites\/5\/2024\/05\/Gabriele-Koch-Tanz-300x184.png 300w, https:\/\/prokulturgut.net\/akademiederkulturen\/wp-content\/uploads\/sites\/5\/2024\/05\/Gabriele-Koch-Tanz-768x472.png 768w, https:\/\/prokulturgut.net\/akademiederkulturen\/wp-content\/uploads\/sites\/5\/2024\/05\/Gabriele-Koch-Tanz-1536x944.png 1536w, https:\/\/prokulturgut.net\/akademiederkulturen\/wp-content\/uploads\/sites\/5\/2024\/05\/Gabriele-Koch-Tanz-2048x1259.png 2048w\" sizes=\"(max-width: 800px) 100vw, 800px\" \/>\t\t\t\t\t\t\t\t\t\t\t\t\t<\/div>\n\t\t\t\t<\/div>\n\t\t\t\t<div class=\"elementor-element elementor-element-78e4b444 elementor-widget elementor-widget-spacer\" data-id=\"78e4b444\" data-element_type=\"widget\" data-widget_type=\"spacer.default\">\n\t\t\t\t<div class=\"elementor-widget-container\">\n\t\t\t<style>\/*! elementor - v3.23.0 - 05-08-2024 *\/\n.elementor-column .elementor-spacer-inner{height:var(--spacer-size)}.e-con{--container-widget-width:100%}.e-con-inner>.elementor-widget-spacer,.e-con>.elementor-widget-spacer{width:var(--container-widget-width,var(--spacer-size));--align-self:var(--container-widget-align-self,initial);--flex-shrink:0}.e-con-inner>.elementor-widget-spacer>.elementor-widget-container,.e-con>.elementor-widget-spacer>.elementor-widget-container{height:100%;width:100%}.e-con-inner>.elementor-widget-spacer>.elementor-widget-container>.elementor-spacer,.e-con>.elementor-widget-spacer>.elementor-widget-container>.elementor-spacer{height:100%}.e-con-inner>.elementor-widget-spacer>.elementor-widget-container>.elementor-spacer>.elementor-spacer-inner,.e-con>.elementor-widget-spacer>.elementor-widget-container>.elementor-spacer>.elementor-spacer-inner{height:var(--container-widget-height,var(--spacer-size))}.e-con-inner>.elementor-widget-spacer.elementor-widget-empty,.e-con>.elementor-widget-spacer.elementor-widget-empty{position:relative;min-height:22px;min-width:22px}.e-con-inner>.elementor-widget-spacer.elementor-widget-empty .elementor-widget-empty-icon,.e-con>.elementor-widget-spacer.elementor-widget-empty .elementor-widget-empty-icon{position:absolute;top:0;bottom:0;left:0;right:0;margin:auto;padding:0;width:22px;height:22px}<\/style>\t\t<div class=\"elementor-spacer\">\n\t\t\t<div class=\"elementor-spacer-inner\"><\/div>\n\t\t<\/div>\n\t\t\t\t<\/div>\n\t\t\t\t<\/div>\n\t\t\t\t<div class=\"elementor-element elementor-element-7d683179 elementor-icon-list--layout-traditional elementor-list-item-link-full_width elementor-widget elementor-widget-icon-list\" data-id=\"7d683179\" data-element_type=\"widget\" data-widget_type=\"icon-list.default\">\n\t\t\t\t<div class=\"elementor-widget-container\">\n\t\t\t<link rel=\"stylesheet\" href=\"https:\/\/prokulturgut.net\/akademiederkulturen\/wp-content\/plugins\/elementor\/assets\/css\/widget-icon-list.min.css\">\t\t<ul class=\"elementor-icon-list-items\">\n\t\t\t\t\t\t\t<li class=\"elementor-icon-list-item\">\n\t\t\t\t\t\t\t\t\t\t\t<span class=\"elementor-icon-list-icon\">\n\t\t\t\t\t\t\t<i aria-hidden=\"true\" class=\"fas fa-id-badge\"><\/i>\t\t\t\t\t\t<\/span>\n\t\t\t\t\t\t\t\t\t\t<span class=\"elementor-icon-list-text\">ANMELDUNG UND INFO: E-mail: kultur-sekretariat@prokulturgut.net Telefon: 0234 \u2013 9411184<\/span>\n\t\t\t\t\t\t\t\t\t<\/li>\n\t\t\t\t\t\t<\/ul>\n\t\t\t\t<\/div>\n\t\t\t\t<\/div>\n\t\t\t\t<div class=\"elementor-element elementor-element-58a00100 elementor-widget elementor-widget-spacer\" data-id=\"58a00100\" data-element_type=\"widget\" data-widget_type=\"spacer.default\">\n\t\t\t\t<div class=\"elementor-widget-container\">\n\t\t\t\t\t<div class=\"elementor-spacer\">\n\t\t\t<div class=\"elementor-spacer-inner\"><\/div>\n\t\t<\/div>\n\t\t\t\t<\/div>\n\t\t\t\t<\/div>\n\t\t\t\t\t<\/div>\n\t\t<\/div>\n\t\t\t\t\t<\/div>\n\t\t<\/section>\n\t\t\t\t<section class=\"elementor-section elementor-top-section elementor-element elementor-element-7b3819d1 elementor-section-boxed elementor-section-height-default elementor-section-height-default\" data-id=\"7b3819d1\" data-element_type=\"section\" data-settings=\"{&quot;background_background&quot;:&quot;classic&quot;}\">\n\t\t\t\t\t\t<div class=\"elementor-container elementor-column-gap-default\">\n\t\t\t\t\t<div class=\"elementor-column elementor-col-100 elementor-top-column elementor-element elementor-element-5070dc41\" data-id=\"5070dc41\" data-element_type=\"column\">\n\t\t\t<div class=\"elementor-widget-wrap elementor-element-populated\">\n\t\t\t\t\t\t<div class=\"elementor-element elementor-element-c84da39 elementor-grid-eael-col-4 elementor-grid-tablet-eael-col-2 elementor-grid-mobile-eael-col-1 elementor-widget elementor-widget-eael-post-grid\" data-id=\"c84da39\" data-element_type=\"widget\" data-settings=\"{&quot;eael_post_grid_columns&quot;:&quot;eael-col-4&quot;,&quot;eael_post_grid_columns_tablet&quot;:&quot;eael-col-2&quot;,&quot;eael_post_grid_columns_mobile&quot;:&quot;eael-col-1&quot;}\" data-widget_type=\"eael-post-grid.default\">\n\t\t\t\t<div class=\"elementor-widget-container\">\n\t\t\t<div id=\"eael-post-grid-c84da39\" class=\"eael-post-grid-container\">\n            <div class=\"eael-post-grid eael-post-appender eael-post-appender-c84da39 eael-post-grid-style-one\" data-layout-mode=\"masonry\"><article class=\"eael-grid-post  eael-post-grid-column eael-pg-post-27457 category-allgemein-bildung\" data-id=\"27457\">\n        <div class=\"eael-grid-post-holder\">\n            <div class=\"eael-grid-post-holder-inner\"><div class=\"eael-entry-media\"><div class=\"eael-entry-overlay fade-in\"><i class=\"fas fa-arrow-circle-right\" aria-hidden=\"true\"><\/i><a href=\"https:\/\/prokulturgut.net\/akademiederkulturen\/2026\/03\/26\/05-10-09-10-26-stressmanagement-im-berufs-alltag\/\"><\/a><\/div><div class=\"eael-entry-thumbnail eael-image-ratio\">\n                <img loading=\"lazy\" decoding=\"async\" width=\"337\" height=\"256\" src=\"https:\/\/prokulturgut.net\/akademiederkulturen\/wp-content\/uploads\/sites\/5\/2023\/12\/pexels-daniel-torobekov-5694121-1111-e1686734744896.jpg\" class=\"attachment-medium_large size-medium_large wp-image-24293\" alt=\"\" srcset=\"https:\/\/prokulturgut.net\/akademiederkulturen\/wp-content\/uploads\/sites\/5\/2023\/12\/pexels-daniel-torobekov-5694121-1111-e1686734744896.jpg 337w, https:\/\/prokulturgut.net\/akademiederkulturen\/wp-content\/uploads\/sites\/5\/2023\/12\/pexels-daniel-torobekov-5694121-1111-e1686734744896-300x228.jpg 300w\" sizes=\"(max-width: 337px) 100vw, 337px\" \/>\n            <\/div>\n        <\/div><div class=\"eael-entry-wrapper\"><header class=\"eael-entry-header\"><h2 class=\"eael-entry-title\"><a class=\"eael-grid-post-link\" href=\"https:\/\/prokulturgut.net\/akademiederkulturen\/2026\/03\/26\/05-10-09-10-26-stressmanagement-im-berufs-alltag\/\" title=\"05.10.\u201309.10.26 | Stressmanagement im (Berufs-)Alltag\">05.10.\u201309.10.26 | Stressmanagement im (Berufs-)Alltag<\/a><\/h2><\/header><div class=\"eael-entry-content\">\n                        <div class=\"eael-grid-post-excerpt\"><p>05.10.\u201309.10.26 | Stressmanagement im (Berufs-)Alltag Zeitraum05.10.2026\u201309.10.2026 Zeiten 1. Tag11:00\u201312:30h, 13:30\u201318:15h 2. Tag9:00\u201312:45h, 14:00\u201318:30h, 19:30\u201320:30h 3. Tag09:00\u201312:45h, 14:00\u201318:15h 4. Tag9:00\u201312:45h, 14:00\u201318:30h,...<\/p><a href=\"https:\/\/prokulturgut.net\/akademiederkulturen\/2026\/03\/26\/05-10-09-10-26-stressmanagement-im-berufs-alltag\/\" class=\"eael-post-elements-readmore-btn\">Read More<\/a><\/div>\n                    <\/div><\/div><\/div>\n        <\/div>\n    <\/article><article class=\"eael-grid-post  eael-post-grid-column eael-pg-post-27434 category-aktuelles-allgemein\" data-id=\"27434\">\n        <div class=\"eael-grid-post-holder\">\n            <div class=\"eael-grid-post-holder-inner\"><div class=\"eael-entry-media\"><div class=\"eael-entry-overlay fade-in\"><i class=\"fas fa-arrow-circle-right\" aria-hidden=\"true\"><\/i><a href=\"https:\/\/prokulturgut.net\/akademiederkulturen\/2026\/03\/20\/28-06-03-07-26-meditation-yoga-und-mantra-singen\/\"><\/a><\/div><div class=\"eael-entry-thumbnail eael-image-ratio\">\n                <img loading=\"lazy\" decoding=\"async\" width=\"768\" height=\"1160\" src=\"https:\/\/prokulturgut.net\/akademiederkulturen\/wp-content\/uploads\/sites\/5\/2025\/12\/Yoga_Natur-768x1160.jpg\" class=\"attachment-medium_large size-medium_large wp-image-26635\" alt=\"\" srcset=\"https:\/\/prokulturgut.net\/akademiederkulturen\/wp-content\/uploads\/sites\/5\/2025\/12\/Yoga_Natur-768x1160.jpg 768w, https:\/\/prokulturgut.net\/akademiederkulturen\/wp-content\/uploads\/sites\/5\/2025\/12\/Yoga_Natur-199x300.jpg 199w, https:\/\/prokulturgut.net\/akademiederkulturen\/wp-content\/uploads\/sites\/5\/2025\/12\/Yoga_Natur-678x1024.jpg 678w, https:\/\/prokulturgut.net\/akademiederkulturen\/wp-content\/uploads\/sites\/5\/2025\/12\/Yoga_Natur-1017x1536.jpg 1017w, https:\/\/prokulturgut.net\/akademiederkulturen\/wp-content\/uploads\/sites\/5\/2025\/12\/Yoga_Natur-1357x2048.jpg 1357w, https:\/\/prokulturgut.net\/akademiederkulturen\/wp-content\/uploads\/sites\/5\/2025\/12\/Yoga_Natur-scaled.jpg 1696w\" sizes=\"(max-width: 768px) 100vw, 768px\" \/>\n            <\/div>\n        <\/div><div class=\"eael-entry-wrapper\"><header class=\"eael-entry-header\"><h2 class=\"eael-entry-title\"><a class=\"eael-grid-post-link\" href=\"https:\/\/prokulturgut.net\/akademiederkulturen\/2026\/03\/20\/28-06-03-07-26-meditation-yoga-und-mantra-singen\/\" title=\"28.06.\u201303.07.26 | Meditation, Yoga und Mantra-Singen\">28.06.\u201303.07.26 | Meditation, Yoga und Mantra-Singen<\/a><\/h2><\/header><div class=\"eael-entry-content\">\n                        <div class=\"eael-grid-post-excerpt\"><p>28.06.\u201303.07.26 | Meditation, Yoga und Mantra-Singen Zeitraum28.06.2026\u201303.07.2026 Zeiten Anreisetag16.30\u201318h, (19\u201320h), 20\u201322h Seminartag6\u20139h, 9.15\u201311h, 14\u201318h, 20\u201322h Abreisetag6\u20139h, 9.15\u201311h Halber Tag6\u20138h, (opt....<\/p><a href=\"https:\/\/prokulturgut.net\/akademiederkulturen\/2026\/03\/20\/28-06-03-07-26-meditation-yoga-und-mantra-singen\/\" class=\"eael-post-elements-readmore-btn\">Read More<\/a><\/div>\n                    <\/div><\/div><\/div>\n        <\/div>\n    <\/article><article class=\"eael-grid-post  eael-post-grid-column eael-pg-post-27359 category-allgemein-oeko-wissen\" data-id=\"27359\">\n        <div class=\"eael-grid-post-holder\">\n            <div class=\"eael-grid-post-holder-inner\"><div class=\"eael-entry-media\"><div class=\"eael-entry-overlay fade-in\"><i class=\"fas fa-arrow-circle-right\" aria-hidden=\"true\"><\/i><a href=\"https:\/\/prokulturgut.net\/akademiederkulturen\/2026\/03\/17\/food-forests\/\"><\/a><\/div><div class=\"eael-entry-thumbnail eael-image-ratio\">\n                <img loading=\"lazy\" decoding=\"async\" width=\"606\" height=\"1078\" src=\"https:\/\/prokulturgut.net\/akademiederkulturen\/wp-content\/uploads\/sites\/5\/2026\/03\/Design-ohne-Titel-2.png\" class=\"attachment-medium_large size-medium_large wp-image-27499\" alt=\"\" srcset=\"https:\/\/prokulturgut.net\/akademiederkulturen\/wp-content\/uploads\/sites\/5\/2026\/03\/Design-ohne-Titel-2.png 606w, https:\/\/prokulturgut.net\/akademiederkulturen\/wp-content\/uploads\/sites\/5\/2026\/03\/Design-ohne-Titel-2-169x300.png 169w, https:\/\/prokulturgut.net\/akademiederkulturen\/wp-content\/uploads\/sites\/5\/2026\/03\/Design-ohne-Titel-2-576x1024.png 576w\" sizes=\"(max-width: 606px) 100vw, 606px\" \/>\n            <\/div>\n        <\/div><div class=\"eael-entry-wrapper\"><header class=\"eael-entry-header\"><h2 class=\"eael-entry-title\"><a class=\"eael-grid-post-link\" href=\"https:\/\/prokulturgut.net\/akademiederkulturen\/2026\/03\/17\/food-forests\/\" title=\"Food Forests\">Food Forests<\/a><\/h2><\/header><div class=\"eael-entry-content\">\n                        <div class=\"eael-grid-post-excerpt\"><p>Food Forests Ein essbarer Wald (Food Forest oder Waldgarten) ist ein permakultur-inspiriertes Anbausystem, das die mehrschichtige Struktur nat\u00fcrlicher W\u00e4lder nachahmt,...<\/p><a href=\"https:\/\/prokulturgut.net\/akademiederkulturen\/2026\/03\/17\/food-forests\/\" class=\"eael-post-elements-readmore-btn\">Read More<\/a><\/div>\n                    <\/div><\/div><\/div>\n        <\/div>\n    <\/article><article class=\"eael-grid-post  eael-post-grid-column eael-pg-post-27373 category-allgemein-bildung-bildungsnews\" data-id=\"27373\">\n        <div class=\"eael-grid-post-holder\">\n            <div class=\"eael-grid-post-holder-inner\"><div class=\"eael-entry-media\"><div class=\"eael-entry-overlay fade-in\"><i class=\"fas fa-arrow-circle-right\" aria-hidden=\"true\"><\/i><a href=\"https:\/\/prokulturgut.net\/akademiederkulturen\/2026\/03\/12\/05-10-2026-09-10-2026-stressmanagement-im-berufs-alltag\/\"><\/a><\/div><div class=\"eael-entry-thumbnail eael-image-ratio\">\n                <img loading=\"lazy\" decoding=\"async\" width=\"768\" height=\"511\" src=\"https:\/\/prokulturgut.net\/akademiederkulturen\/wp-content\/uploads\/sites\/5\/2024\/12\/pexels-freestockpro-321576-768x511.jpg\" class=\"attachment-medium_large size-medium_large wp-image-25479\" alt=\"\" srcset=\"https:\/\/prokulturgut.net\/akademiederkulturen\/wp-content\/uploads\/sites\/5\/2024\/12\/pexels-freestockpro-321576-768x511.jpg 768w, https:\/\/prokulturgut.net\/akademiederkulturen\/wp-content\/uploads\/sites\/5\/2024\/12\/pexels-freestockpro-321576-300x200.jpg 300w, https:\/\/prokulturgut.net\/akademiederkulturen\/wp-content\/uploads\/sites\/5\/2024\/12\/pexels-freestockpro-321576-1024x681.jpg 1024w, https:\/\/prokulturgut.net\/akademiederkulturen\/wp-content\/uploads\/sites\/5\/2024\/12\/pexels-freestockpro-321576-1536x1022.jpg 1536w, https:\/\/prokulturgut.net\/akademiederkulturen\/wp-content\/uploads\/sites\/5\/2024\/12\/pexels-freestockpro-321576-2048x1363.jpg 2048w\" sizes=\"(max-width: 768px) 100vw, 768px\" \/>\n            <\/div>\n        <\/div><div class=\"eael-entry-wrapper\"><header class=\"eael-entry-header\"><h2 class=\"eael-entry-title\"><a class=\"eael-grid-post-link\" href=\"https:\/\/prokulturgut.net\/akademiederkulturen\/2026\/03\/12\/05-10-2026-09-10-2026-stressmanagement-im-berufs-alltag\/\" title=\"05.10.\u201309.10.26 | Embodiment &#038; innere Resilienz st\u00e4rken im Kloster Steinfeld\">05.10.\u201309.10.26 | Embodiment &#038; innere Resilienz st\u00e4rken im Kloster Steinfeld<\/a><\/h2><\/header><div class=\"eael-entry-content\">\n                        <div class=\"eael-grid-post-excerpt\"><p>05.10.\u201309.10.26 | Embodiment &amp; innere Resilienz st\u00e4rken im Kloster Steinfeld Zeitraum31.08.2026\u201304.09.2026 Zeiten \u00a0 1. Tag: 11:00-12:30h, 13:30-18:15h, 2. Tag: 9:00-12:45h,...<\/p><a href=\"https:\/\/prokulturgut.net\/akademiederkulturen\/2026\/03\/12\/05-10-2026-09-10-2026-stressmanagement-im-berufs-alltag\/\" class=\"eael-post-elements-readmore-btn\">Read More<\/a><\/div>\n                    <\/div><\/div><\/div>\n        <\/div>\n    <\/article><\/div>\n            <div class=\"clearfix\"><\/div>\n        <\/div>            <div class=\"eael-load-more-button-wrap\">\n                <button class=\"eael-load-more-button\" id=\"eael-load-more-btn-c84da39\" data-widget-id=\"c84da39\" data-widget=\"c84da39\" data-page-id=\"25573\" data-template=\"{&quot;dir&quot;:&quot;lite&quot;,&quot;file_name&quot;:&quot;one.php&quot;,&quot;name&quot;:&quot;Post-Grid&quot;}\" data-class=\"Essential_Addons_Elementor\\Elements\\Post_Grid\" data-layout=\"masonry\" data-page=\"1\" data-args=\"orderby=date&amp;order=desc&amp;ignore_sticky_posts=1&amp;post_status=publish&amp;posts_per_page=4&amp;offset=1&amp;post_type=post\" data-max-page=\"44\">\n                    <span class=\"eael-btn-loader button__loader\"><\/span>\n                    <span class=\"eael_load_more_text\">Load More<\/span>\n                <\/button>\n            <\/div>\n            \t\t<\/div>\n\t\t\t\t<\/div>\n\t\t\t\t\t<\/div>\n\t\t<\/div>\n\t\t\t\t\t<\/div>\n\t\t<\/section>\n\t\t\t\t<\/div>\n\t\t","protected":false},"excerpt":{"rendered":"<p>Body Communication Praxiszeit Contact Improvisation &#8211; das Spiel des nonverbalen Dialogs&nbsp; Im Rahmen des Entwicklungsprojekts Tanz In diesem Halbjahr bieten wir ein Sonderprogramm der Akademie der Kulturen NRW des Kulturgut e.V. an. Dies sind offene Angebote, die neue Zielgruppen in unserem Sozialraum ansprechen, um Ihnen neue Erfahrung erschlie\u00dfen, die sie in ihrer pers\u00f6nlichen und sozialen [&hellip;]<\/p>\n","protected":false},"author":82,"featured_media":24948,"comment_status":"closed","ping_status":"open","sticky":false,"template":"","format":"standard","meta":[],"categories":[1,83,82,95],"tags":[],"yoast_head":"<!-- This site is optimized with the Yoast SEO plugin v20.11 - https:\/\/yoast.com\/wordpress\/plugins\/seo\/ -->\n<title>Body Communication Praxiszeit\u00a0 - Akademie der Kulturen NRW<\/title>\n<meta name=\"robots\" content=\"index, follow, max-snippet:-1, max-image-preview:large, max-video-preview:-1\" \/>\n<link rel=\"canonical\" href=\"https:\/\/prokulturgut.net\/akademiederkulturen\/2025\/02\/10\/body-communication-praxiszeit\/\" \/>\n<meta property=\"og:locale\" content=\"de_DE\" \/>\n<meta property=\"og:type\" content=\"article\" \/>\n<meta property=\"og:title\" content=\"Body Communication Praxiszeit\u00a0 - Akademie der Kulturen NRW\" \/>\n<meta property=\"og:description\" content=\"Body Communication Praxiszeit Contact Improvisation &#8211; das Spiel des nonverbalen Dialogs&nbsp; Im Rahmen des Entwicklungsprojekts Tanz In diesem Halbjahr bieten wir ein Sonderprogramm der Akademie der Kulturen NRW des Kulturgut e.V. an. Dies sind offene Angebote, die neue Zielgruppen in unserem Sozialraum ansprechen, um Ihnen neue Erfahrung erschlie\u00dfen, die sie in ihrer pers\u00f6nlichen und sozialen [&hellip;]\" \/>\n<meta property=\"og:url\" content=\"https:\/\/prokulturgut.net\/akademiederkulturen\/2025\/02\/10\/body-communication-praxiszeit\/\" \/>\n<meta property=\"og:site_name\" content=\"Akademie der Kulturen NRW\" \/>\n<meta property=\"article:published_time\" content=\"2025-02-10T09:20:05+00:00\" \/>\n<meta property=\"article:modified_time\" content=\"2025-02-10T11:28:33+00:00\" \/>\n<meta property=\"og:image\" content=\"https:\/\/prokulturgut.net\/akademiederkulturen\/wp-content\/uploads\/sites\/5\/2024\/05\/Gabriele-Koch-Tanz-1024x629.png\" \/>\n\t<meta property=\"og:image:width\" content=\"1024\" \/>\n\t<meta property=\"og:image:height\" content=\"629\" \/>\n\t<meta property=\"og:image:type\" content=\"image\/png\" \/>\n<meta name=\"author\" content=\"christopher\" \/>\n<meta name=\"twitter:card\" content=\"summary_large_image\" \/>\n<meta name=\"twitter:creator\" content=\"@christopher\" \/>\n<meta name=\"twitter:label1\" content=\"Verfasst von\" \/>\n\t<meta name=\"twitter:data1\" content=\"christopher\" \/>\n\t<meta name=\"twitter:label2\" content=\"Gesch\u00e4tzte Lesezeit\" \/>\n\t<meta name=\"twitter:data2\" content=\"4 Minuten\" \/>\n<script type=\"application\/ld+json\" class=\"yoast-schema-graph\">{\"@context\":\"https:\/\/schema.org\",\"@graph\":[{\"@type\":\"Article\",\"@id\":\"https:\/\/prokulturgut.net\/akademiederkulturen\/2025\/02\/10\/body-communication-praxiszeit\/#article\",\"isPartOf\":{\"@id\":\"https:\/\/prokulturgut.net\/akademiederkulturen\/2025\/02\/10\/body-communication-praxiszeit\/\"},\"author\":{\"name\":\"christopher\",\"@id\":\"https:\/\/prokulturgut.net\/akademiederkulturen\/#\/schema\/person\/7cca066c4bb3f6bf6fed0fe40f022e82\"},\"headline\":\"Body Communication Praxiszeit\u00a0\",\"datePublished\":\"2025-02-10T09:20:05+00:00\",\"dateModified\":\"2025-02-10T11:28:33+00:00\",\"mainEntityOfPage\":{\"@id\":\"https:\/\/prokulturgut.net\/akademiederkulturen\/2025\/02\/10\/body-communication-praxiszeit\/\"},\"wordCount\":493,\"publisher\":{\"@id\":\"https:\/\/prokulturgut.net\/akademiederkulturen\/#organization\"},\"articleSection\":{\"1\":\"Ausbildung\",\"2\":\"Entwicklungspauschale\",\"3\":\"Entwicklungspauschale 2025\"},\"inLanguage\":\"de-DE\"},{\"@type\":\"WebPage\",\"@id\":\"https:\/\/prokulturgut.net\/akademiederkulturen\/2025\/02\/10\/body-communication-praxiszeit\/\",\"url\":\"https:\/\/prokulturgut.net\/akademiederkulturen\/2025\/02\/10\/body-communication-praxiszeit\/\",\"name\":\"Body Communication Praxiszeit\u00a0 - Akademie der Kulturen NRW\",\"isPartOf\":{\"@id\":\"https:\/\/prokulturgut.net\/akademiederkulturen\/#website\"},\"datePublished\":\"2025-02-10T09:20:05+00:00\",\"dateModified\":\"2025-02-10T11:28:33+00:00\",\"breadcrumb\":{\"@id\":\"https:\/\/prokulturgut.net\/akademiederkulturen\/2025\/02\/10\/body-communication-praxiszeit\/#breadcrumb\"},\"inLanguage\":\"de-DE\",\"potentialAction\":[{\"@type\":\"ReadAction\",\"target\":[\"https:\/\/prokulturgut.net\/akademiederkulturen\/2025\/02\/10\/body-communication-praxiszeit\/\"]}]},{\"@type\":\"BreadcrumbList\",\"@id\":\"https:\/\/prokulturgut.net\/akademiederkulturen\/2025\/02\/10\/body-communication-praxiszeit\/#breadcrumb\",\"itemListElement\":[{\"@type\":\"ListItem\",\"position\":1,\"name\":\"Home\",\"item\":\"https:\/\/prokulturgut.net\/akademiederkulturen\/\"},{\"@type\":\"ListItem\",\"position\":2,\"name\":\"Body Communication Praxiszeit\u00a0\"}]},{\"@type\":\"WebSite\",\"@id\":\"https:\/\/prokulturgut.net\/akademiederkulturen\/#website\",\"url\":\"https:\/\/prokulturgut.net\/akademiederkulturen\/\",\"name\":\"Akademie der Kulturen NRW\",\"description\":\"\",\"publisher\":{\"@id\":\"https:\/\/prokulturgut.net\/akademiederkulturen\/#organization\"},\"potentialAction\":[{\"@type\":\"SearchAction\",\"target\":{\"@type\":\"EntryPoint\",\"urlTemplate\":\"https:\/\/prokulturgut.net\/akademiederkulturen\/?s={search_term_string}\"},\"query-input\":\"required name=search_term_string\"}],\"inLanguage\":\"de-DE\"},{\"@type\":\"Organization\",\"@id\":\"https:\/\/prokulturgut.net\/akademiederkulturen\/#organization\",\"name\":\"Akademie der Kulturen NRW\",\"url\":\"https:\/\/prokulturgut.net\/akademiederkulturen\/\",\"logo\":{\"@type\":\"ImageObject\",\"inLanguage\":\"de-DE\",\"@id\":\"https:\/\/prokulturgut.net\/akademiederkulturen\/#\/schema\/logo\/image\/\",\"url\":\"https:\/\/prokulturgut.net\/akademiederkulturen\/wp-content\/uploads\/sites\/5\/2023\/12\/cropped-Logo_Farbe.png\",\"contentUrl\":\"https:\/\/prokulturgut.net\/akademiederkulturen\/wp-content\/uploads\/sites\/5\/2023\/12\/cropped-Logo_Farbe.png\",\"width\":412,\"height\":118,\"caption\":\"Akademie der Kulturen NRW\"},\"image\":{\"@id\":\"https:\/\/prokulturgut.net\/akademiederkulturen\/#\/schema\/logo\/image\/\"}},{\"@type\":\"Person\",\"@id\":\"https:\/\/prokulturgut.net\/akademiederkulturen\/#\/schema\/person\/7cca066c4bb3f6bf6fed0fe40f022e82\",\"name\":\"christopher\",\"image\":{\"@type\":\"ImageObject\",\"inLanguage\":\"de-DE\",\"@id\":\"https:\/\/prokulturgut.net\/akademiederkulturen\/#\/schema\/person\/image\/\",\"url\":\"https:\/\/secure.gravatar.com\/avatar\/d94f6274ab276de3375f5149f150d8a7?s=96&d=mm&r=g\",\"contentUrl\":\"https:\/\/secure.gravatar.com\/avatar\/d94f6274ab276de3375f5149f150d8a7?s=96&d=mm&r=g\",\"caption\":\"christopher\"},\"sameAs\":[\"https:\/\/twitter.com\/christopher\"],\"url\":\"https:\/\/prokulturgut.net\/akademiederkulturen\/author\/christopher\/\"}]}<\/script>\n<!-- \/ Yoast SEO plugin. -->","yoast_head_json":{"title":"Body Communication Praxiszeit\u00a0 - Akademie der Kulturen NRW","robots":{"index":"index","follow":"follow","max-snippet":"max-snippet:-1","max-image-preview":"max-image-preview:large","max-video-preview":"max-video-preview:-1"},"canonical":"https:\/\/prokulturgut.net\/akademiederkulturen\/2025\/02\/10\/body-communication-praxiszeit\/","og_locale":"de_DE","og_type":"article","og_title":"Body Communication Praxiszeit\u00a0 - Akademie der Kulturen NRW","og_description":"Body Communication Praxiszeit Contact Improvisation &#8211; das Spiel des nonverbalen Dialogs&nbsp; Im Rahmen des Entwicklungsprojekts Tanz In diesem Halbjahr bieten wir ein Sonderprogramm der Akademie der Kulturen NRW des Kulturgut e.V. an. Dies sind offene Angebote, die neue Zielgruppen in unserem Sozialraum ansprechen, um Ihnen neue Erfahrung erschlie\u00dfen, die sie in ihrer pers\u00f6nlichen und sozialen [&hellip;]","og_url":"https:\/\/prokulturgut.net\/akademiederkulturen\/2025\/02\/10\/body-communication-praxiszeit\/","og_site_name":"Akademie der Kulturen NRW","article_published_time":"2025-02-10T09:20:05+00:00","article_modified_time":"2025-02-10T11:28:33+00:00","og_image":[{"width":1024,"height":629,"url":"https:\/\/prokulturgut.net\/akademiederkulturen\/wp-content\/uploads\/sites\/5\/2024\/05\/Gabriele-Koch-Tanz-1024x629.png","type":"image\/png"}],"author":"christopher","twitter_card":"summary_large_image","twitter_creator":"@christopher","twitter_misc":{"Verfasst von":"christopher","Gesch\u00e4tzte Lesezeit":"4 Minuten"},"schema":{"@context":"https:\/\/schema.org","@graph":[{"@type":"Article","@id":"https:\/\/prokulturgut.net\/akademiederkulturen\/2025\/02\/10\/body-communication-praxiszeit\/#article","isPartOf":{"@id":"https:\/\/prokulturgut.net\/akademiederkulturen\/2025\/02\/10\/body-communication-praxiszeit\/"},"author":{"name":"christopher","@id":"https:\/\/prokulturgut.net\/akademiederkulturen\/#\/schema\/person\/7cca066c4bb3f6bf6fed0fe40f022e82"},"headline":"Body Communication Praxiszeit\u00a0","datePublished":"2025-02-10T09:20:05+00:00","dateModified":"2025-02-10T11:28:33+00:00","mainEntityOfPage":{"@id":"https:\/\/prokulturgut.net\/akademiederkulturen\/2025\/02\/10\/body-communication-praxiszeit\/"},"wordCount":493,"publisher":{"@id":"https:\/\/prokulturgut.net\/akademiederkulturen\/#organization"},"articleSection":{"1":"Ausbildung","2":"Entwicklungspauschale","3":"Entwicklungspauschale 2025"},"inLanguage":"de-DE"},{"@type":"WebPage","@id":"https:\/\/prokulturgut.net\/akademiederkulturen\/2025\/02\/10\/body-communication-praxiszeit\/","url":"https:\/\/prokulturgut.net\/akademiederkulturen\/2025\/02\/10\/body-communication-praxiszeit\/","name":"Body Communication Praxiszeit\u00a0 - Akademie der Kulturen NRW","isPartOf":{"@id":"https:\/\/prokulturgut.net\/akademiederkulturen\/#website"},"datePublished":"2025-02-10T09:20:05+00:00","dateModified":"2025-02-10T11:28:33+00:00","breadcrumb":{"@id":"https:\/\/prokulturgut.net\/akademiederkulturen\/2025\/02\/10\/body-communication-praxiszeit\/#breadcrumb"},"inLanguage":"de-DE","potentialAction":[{"@type":"ReadAction","target":["https:\/\/prokulturgut.net\/akademiederkulturen\/2025\/02\/10\/body-communication-praxiszeit\/"]}]},{"@type":"BreadcrumbList","@id":"https:\/\/prokulturgut.net\/akademiederkulturen\/2025\/02\/10\/body-communication-praxiszeit\/#breadcrumb","itemListElement":[{"@type":"ListItem","position":1,"name":"Home","item":"https:\/\/prokulturgut.net\/akademiederkulturen\/"},{"@type":"ListItem","position":2,"name":"Body Communication Praxiszeit\u00a0"}]},{"@type":"WebSite","@id":"https:\/\/prokulturgut.net\/akademiederkulturen\/#website","url":"https:\/\/prokulturgut.net\/akademiederkulturen\/","name":"Akademie der Kulturen NRW","description":"","publisher":{"@id":"https:\/\/prokulturgut.net\/akademiederkulturen\/#organization"},"potentialAction":[{"@type":"SearchAction","target":{"@type":"EntryPoint","urlTemplate":"https:\/\/prokulturgut.net\/akademiederkulturen\/?s={search_term_string}"},"query-input":"required name=search_term_string"}],"inLanguage":"de-DE"},{"@type":"Organization","@id":"https:\/\/prokulturgut.net\/akademiederkulturen\/#organization","name":"Akademie der Kulturen NRW","url":"https:\/\/prokulturgut.net\/akademiederkulturen\/","logo":{"@type":"ImageObject","inLanguage":"de-DE","@id":"https:\/\/prokulturgut.net\/akademiederkulturen\/#\/schema\/logo\/image\/","url":"https:\/\/prokulturgut.net\/akademiederkulturen\/wp-content\/uploads\/sites\/5\/2023\/12\/cropped-Logo_Farbe.png","contentUrl":"https:\/\/prokulturgut.net\/akademiederkulturen\/wp-content\/uploads\/sites\/5\/2023\/12\/cropped-Logo_Farbe.png","width":412,"height":118,"caption":"Akademie der Kulturen NRW"},"image":{"@id":"https:\/\/prokulturgut.net\/akademiederkulturen\/#\/schema\/logo\/image\/"}},{"@type":"Person","@id":"https:\/\/prokulturgut.net\/akademiederkulturen\/#\/schema\/person\/7cca066c4bb3f6bf6fed0fe40f022e82","name":"christopher","image":{"@type":"ImageObject","inLanguage":"de-DE","@id":"https:\/\/prokulturgut.net\/akademiederkulturen\/#\/schema\/person\/image\/","url":"https:\/\/secure.gravatar.com\/avatar\/d94f6274ab276de3375f5149f150d8a7?s=96&d=mm&r=g","contentUrl":"https:\/\/secure.gravatar.com\/avatar\/d94f6274ab276de3375f5149f150d8a7?s=96&d=mm&r=g","caption":"christopher"},"sameAs":["https:\/\/twitter.com\/christopher"],"url":"https:\/\/prokulturgut.net\/akademiederkulturen\/author\/christopher\/"}]}},"_links":{"self":[{"href":"https:\/\/prokulturgut.net\/akademiederkulturen\/wp-json\/wp\/v2\/posts\/25573"}],"collection":[{"href":"https:\/\/prokulturgut.net\/akademiederkulturen\/wp-json\/wp\/v2\/posts"}],"about":[{"href":"https:\/\/prokulturgut.net\/akademiederkulturen\/wp-json\/wp\/v2\/types\/post"}],"author":[{"embeddable":true,"href":"https:\/\/prokulturgut.net\/akademiederkulturen\/wp-json\/wp\/v2\/users\/82"}],"replies":[{"embeddable":true,"href":"https:\/\/prokulturgut.net\/akademiederkulturen\/wp-json\/wp\/v2\/comments?post=25573"}],"version-history":[{"count":10,"href":"https:\/\/prokulturgut.net\/akademiederkulturen\/wp-json\/wp\/v2\/posts\/25573\/revisions"}],"predecessor-version":[{"id":25601,"href":"https:\/\/prokulturgut.net\/akademiederkulturen\/wp-json\/wp\/v2\/posts\/25573\/revisions\/25601"}],"wp:featuredmedia":[{"embeddable":true,"href":"https:\/\/prokulturgut.net\/akademiederkulturen\/wp-json\/wp\/v2\/media\/24948"}],"wp:attachment":[{"href":"https:\/\/prokulturgut.net\/akademiederkulturen\/wp-json\/wp\/v2\/media?parent=25573"}],"wp:term":[{"taxonomy":"category","embeddable":true,"href":"https:\/\/prokulturgut.net\/akademiederkulturen\/wp-json\/wp\/v2\/categories?post=25573"},{"taxonomy":"post_tag","embeddable":true,"href":"https:\/\/prokulturgut.net\/akademiederkulturen\/wp-json\/wp\/v2\/tags?post=25573"}],"curies":[{"name":"wp","href":"https:\/\/api.w.org\/{rel}","templated":true}]}}