{"id":5753,"date":"2020-02-07T17:20:43","date_gmt":"2020-02-07T16:20:43","guid":{"rendered":"http:\/\/montealegre.eu\/?p=5753"},"modified":"2020-02-07T17:20:43","modified_gmt":"2020-02-07T16:20:43","slug":"programm-der-gruppe-permaculture-design","status":"publish","type":"post","link":"https:\/\/prokulturgut.net\/monte-alegre\/programm-der-gruppe-permaculture-design\/","title":{"rendered":"PROGRAMM der Gruppe PERMACULTURE DESIGN"},"content":{"rendered":"<p>&gt; Der Schwerpunkt liegt auf dem Erlernen von Grundfertigkeiten f\u00fcr die Umsetzung nachhaltiger Permakultur-Projekte.<br \/>\nDer Umgang mit B\u00fcrosoftware, Sprach- und Kommunikationstraining, Konzeptentwicklung, Planung, Teamarbeit, \u00d6ffentlichkeitsarbeit. Digitale Kompetenzen werden besonders ber\u00fccksichtigt.<\/p>\n<p>&gt; Das Verst\u00e4ndnis der Grundlagen der Permakultur &#8211; als ethische und ganzheitliche Gestaltungswissenschaft und ganzheitliche Methode der synergetischen Koexistenz von \u00d6kosystemen (Mensch und Natur) f\u00fchrt zur Anwendung moderner Zukunftstechnologien, insbesondere in l\u00e4ndlichen Gebieten.<\/p>\n<p>&gt; Praktische Lerninhalte sind<br \/>\nUmgang mit Google Earth, technische Hilfsmittel und Medien (Fotografie, Video), die Sammlung und Analyse von klimatischen und \u00f6kologischen Daten, Wasserwirtschaft und Wasserr\u00fcckhalteprozesse<br \/>\nSchaffung von Permakultur-G\u00e4rten mit biologischen (Mikroorganismen\/Organismen) und botanischen Aspekten,<br \/>\n\u00d6kologische und passive Geb\u00e4ude, technische Grundlagen<br \/>\nEnergieerzeugung &#8211; Solar-, Wind- und geothermische Energie Wirtschaft in nachhaltigen Projekten<\/p>\n","protected":false},"excerpt":{"rendered":"<p>&gt; Der Schwerpunkt liegt auf dem Erlernen von Grundfertigkeiten f\u00fcr die Umsetzung nachhaltiger Permakultur-Projekte. Der Umgang mit B\u00fcrosoftware, Sprach- und Kommunikationstraining, Konzeptentwicklung, Planung, Teamarbeit, \u00d6ffentlichkeitsarbeit. Digitale Kompetenzen werden besonders ber\u00fccksichtigt. &gt; Das Verst\u00e4ndnis der Grundlagen der Permakultur &#8211; als ethische und ganzheitliche Gestaltungswissenschaft und ganzheitliche Methode der synergetischen Koexistenz von \u00d6kosystemen (Mensch und Natur) f\u00fchrt  [&#8230;]<\/p>\n","protected":false},"author":60,"featured_media":0,"comment_status":"open","ping_status":"open","sticky":false,"template":"","format":"standard","meta":[],"categories":[1],"tags":[],"_links":{"self":[{"href":"https:\/\/prokulturgut.net\/monte-alegre\/wp-json\/wp\/v2\/posts\/5753"}],"collection":[{"href":"https:\/\/prokulturgut.net\/monte-alegre\/wp-json\/wp\/v2\/posts"}],"about":[{"href":"https:\/\/prokulturgut.net\/monte-alegre\/wp-json\/wp\/v2\/types\/post"}],"author":[{"embeddable":true,"href":"https:\/\/prokulturgut.net\/monte-alegre\/wp-json\/wp\/v2\/users\/60"}],"replies":[{"embeddable":true,"href":"https:\/\/prokulturgut.net\/monte-alegre\/wp-json\/wp\/v2\/comments?post=5753"}],"version-history":[{"count":1,"href":"https:\/\/prokulturgut.net\/monte-alegre\/wp-json\/wp\/v2\/posts\/5753\/revisions"}],"predecessor-version":[{"id":5754,"href":"https:\/\/prokulturgut.net\/monte-alegre\/wp-json\/wp\/v2\/posts\/5753\/revisions\/5754"}],"wp:attachment":[{"href":"https:\/\/prokulturgut.net\/monte-alegre\/wp-json\/wp\/v2\/media?parent=5753"}],"wp:term":[{"taxonomy":"category","embeddable":true,"href":"https:\/\/prokulturgut.net\/monte-alegre\/wp-json\/wp\/v2\/categories?post=5753"},{"taxonomy":"post_tag","embeddable":true,"href":"https:\/\/prokulturgut.net\/monte-alegre\/wp-json\/wp\/v2\/tags?post=5753"}],"curies":[{"name":"wp","href":"https:\/\/api.w.org\/{rel}","templated":true}]}}