{"id":1135,"date":"2016-07-01T13:27:42","date_gmt":"2016-07-01T11:27:42","guid":{"rendered":"http:\/\/worldmusicevolution.net\/?p=1135"},"modified":"2022-10-19T16:47:15","modified_gmt":"2022-10-19T14:47:15","slug":"jorge-pardo","status":"publish","type":"post","link":"https:\/\/prokulturgut.net\/worldmusicevolution\/jorge-pardo\/","title":{"rendered":"Jorge Pardo &#8211; Fl\u00f6te"},"content":{"rendered":"<p>Jorge Pardo bekam 2012 von der franz\u00f6sischen Academia du Jazz den Prix du musicien europeen f\u00fcr sein Lebenswerk verliehen.<\/p>\n<p><a href=\"https:\/\/www.facebook.com\/pages\/Vientos-FlamencosJorge-Pardo\/82831576548\" target=\"_blank\" rel=\"noopener\">Mehr Infos<\/a><\/p>\n<p><a href=\"http:\/\/prokulturgut.net\/worldmusicevolution\/wp-content\/uploads\/sites\/2\/2017\/01\/Jorge-Pardo-P1010106kleiner-1.jpg\">Bild zum Download (3 MB)<\/a><\/p>\n<p><img decoding=\"async\" class=\" alignleft wp-image-3416\" src=\"http:\/\/prokulturgut.net\/worldmusicevolution\/wp-content\/uploads\/sites\/2\/2015\/04\/Jorge-Pardo-e1436342979616.jpg\" alt=\"Jorge Pardo\" width=\"800\" height=\"600\" \/><\/p>\n","protected":false},"excerpt":{"rendered":"<p>Jorge Pardo bekam 2012 von der franz\u00f6sischen Academia du Jazz den Prix du musicien europeen f\u00fcr sein Lebenswerk verliehen. Mehr Infos Bild zum Download (3 MB)<\/p>\n","protected":false},"author":2,"featured_media":3416,"comment_status":"closed","ping_status":"closed","sticky":false,"template":"","format":"standard","meta":[],"categories":[21,16,327],"tags":[],"_links":{"self":[{"href":"https:\/\/prokulturgut.net\/worldmusicevolution\/wp-json\/wp\/v2\/posts\/1135"}],"collection":[{"href":"https:\/\/prokulturgut.net\/worldmusicevolution\/wp-json\/wp\/v2\/posts"}],"about":[{"href":"https:\/\/prokulturgut.net\/worldmusicevolution\/wp-json\/wp\/v2\/types\/post"}],"author":[{"embeddable":true,"href":"https:\/\/prokulturgut.net\/worldmusicevolution\/wp-json\/wp\/v2\/users\/2"}],"replies":[{"embeddable":true,"href":"https:\/\/prokulturgut.net\/worldmusicevolution\/wp-json\/wp\/v2\/comments?post=1135"}],"version-history":[{"count":15,"href":"https:\/\/prokulturgut.net\/worldmusicevolution\/wp-json\/wp\/v2\/posts\/1135\/revisions"}],"predecessor-version":[{"id":18129,"href":"https:\/\/prokulturgut.net\/worldmusicevolution\/wp-json\/wp\/v2\/posts\/1135\/revisions\/18129"}],"wp:featuredmedia":[{"embeddable":true,"href":"https:\/\/prokulturgut.net\/worldmusicevolution\/wp-json\/wp\/v2\/media\/3416"}],"wp:attachment":[{"href":"https:\/\/prokulturgut.net\/worldmusicevolution\/wp-json\/wp\/v2\/media?parent=1135"}],"wp:term":[{"taxonomy":"category","embeddable":true,"href":"https:\/\/prokulturgut.net\/worldmusicevolution\/wp-json\/wp\/v2\/categories?post=1135"},{"taxonomy":"post_tag","embeddable":true,"href":"https:\/\/prokulturgut.net\/worldmusicevolution\/wp-json\/wp\/v2\/tags?post=1135"}],"curies":[{"name":"wp","href":"https:\/\/api.w.org\/{rel}","templated":true}]}}