{"id":2359,"date":"2015-07-22T20:38:28","date_gmt":"2015-07-22T18:38:28","guid":{"rendered":"http:\/\/worldmusicevolution.net\/?page_id=2359"},"modified":"2025-10-30T15:15:00","modified_gmt":"2025-10-30T14:15:00","slug":"ruhrstadtkongress-weltmusik-2015","status":"publish","type":"post","link":"https:\/\/prokulturgut.net\/worldmusicevolution\/ruhrstadtkongress-weltmusik-2015\/","title":{"rendered":"Ruhrstadtkongress Weltmusik 2015"},"content":{"rendered":"<p><div class=\"fusion-fullwidth fullwidth-box fusion-builder-row-1 fusion-flex-container nonhundred-percent-fullwidth non-hundred-percent-height-scrolling\" style=\"--awb-border-radius-top-left:0px;--awb-border-radius-top-right:0px;--awb-border-radius-bottom-right:0px;--awb-border-radius-bottom-left:0px;--awb-flex-wrap:wrap;\" ><div class=\"fusion-builder-row fusion-row fusion-flex-align-items-flex-start fusion-flex-content-wrap\" style=\"max-width:1144px;margin-left: calc(-4% \/ 2 );margin-right: calc(-4% \/ 2 );\"><div class=\"fusion-layout-column fusion_builder_column fusion-builder-column-0 fusion_builder_column_1_1 1_1 fusion-flex-column\" style=\"--awb-bg-size:cover;--awb-width-large:100%;--awb-margin-top-large:0px;--awb-spacing-right-large:1.92%;--awb-margin-bottom-large:0px;--awb-spacing-left-large:1.92%;--awb-width-medium:100%;--awb-spacing-right-medium:1.92%;--awb-spacing-left-medium:1.92%;--awb-width-small:100%;--awb-spacing-right-small:1.92%;--awb-spacing-left-small:1.92%;\"><div class=\"fusion-column-wrapper fusion-flex-justify-content-flex-start fusion-content-layout-column\"><div class=\"fusion-text fusion-text-1\"><h2>Workshops und Masterclasses mit Gastdozenten aus aller Welt<\/h2>\n<p>Die Idee des Ruhrstadtkongress Weltmusik der Akademie im BOLA &#8211; HAUS DER KULTUREN RUHR ist es, im Zusammenspiel mit dem Ruhrstadt-Festival, Akteuren unterschiedlicher k\u00fcnstlerischer Disziplinen einen Freiraum f\u00fcr gegenseitige Inspiration und Innovation zu geben. Im Mittelpunkt stehen au\u00dferdem das Kennenlernen und Entwickeln neuer Ausdrucksformen sowie das Erweitern ihrer interkulturellen Netzwerke.<\/p>\n<\/div><\/div><\/div><div class=\"fusion-layout-column fusion_builder_column fusion-builder-column-1 fusion_builder_column_1_1 1_1 fusion-flex-column fusion-flex-align-self-flex-start fusion-column-no-min-height\" style=\"--awb-bg-size:cover;--awb-width-large:100%;--awb-margin-top-large:0px;--awb-spacing-right-large:1.92%;--awb-margin-bottom-large:0px;--awb-spacing-left-large:1.92%;--awb-width-medium:100%;--awb-spacing-right-medium:1.92%;--awb-spacing-left-medium:1.92%;--awb-width-small:100%;--awb-spacing-right-small:1.92%;--awb-spacing-left-small:1.92%;\"><div class=\"fusion-column-wrapper fusion-flex-justify-content-flex-start fusion-content-layout-column\"><div class=\"fusion-text fusion-text-2\"><div id=\"attachment_4675\" style=\"width: 560px\" class=\"wp-caption alignright\"><img aria-describedby=\"caption-attachment-4675\" decoding=\"async\" class=\"wp-image-4675\" src=\"http:\/\/prokulturgut.net\/worldmusicevolution\/wp-content\/uploads\/sites\/2\/2015\/06\/Gruppe-Dortmunder-Religionen-web.jpg\" alt=\"Ruhrstadtkongress Weltmusik\" width=\"550\" height=\"330\" srcset=\"https:\/\/prokulturgut.net\/worldmusicevolution\/wp-content\/uploads\/sites\/2\/2015\/06\/Gruppe-Dortmunder-Religionen-web-400x240.jpg 400w, https:\/\/prokulturgut.net\/worldmusicevolution\/wp-content\/uploads\/sites\/2\/2015\/06\/Gruppe-Dortmunder-Religionen-web.jpg 810w\" sizes=\"(max-width: 550px) 100vw, 550px\" \/><p id=\"caption-attachment-4675\" class=\"wp-caption-text\">Nacht der Religionen<\/p><\/div>\n<p>Der Kongress richtet sich an Profis aller Berufsfelder, die die Inspiration von f\u00fchrenden Spitzenmusikern, T\u00e4nzern, bildenden K\u00fcnstlern und Performern als Anregung f\u00fcr ihr eigenes Arbeitsfeld aufgreifen und wichtige Impulse f\u00fcr die berufliche Weiterentwicklung aufnehmen m\u00f6chten.<\/p>\n<p>Der Fachkongress ist eine berufliche Weiterbildung der Akademie der Kulturen NRW \u2013 ein produktives Kreativtreffen zur Entwicklung von k\u00fcnstlerischer Innovationen, Ideen und Projekten. Dabei tauschen sich Weltmusiker sowie Akteure und Liebhaber anderer Genres und Kunstformen miteinander aus.<\/p>\n<p>Neben der Teilnahme an verschiedenen Workshops\/Masterclasses gibt es Raum f\u00fcr individuelles Coaching und Praxiszeiten sowie freie Zeit f\u00fcr informellen Austausch mit den Special Guests und Dozenten, die alle eine herausragende Rolle in ihrem Bereich spielen.<\/p>\n<p>Dar\u00fcberhinaus zielt der Ruhrstadtkongress Weltmusik auf Erfahrungsaustausch sowie interkulturelle &amp; internationale Co-Produktionen ab, die im Ruhrgebiet und international pr\u00e4sentiert werden.<\/p>\n<p>Ab Juni 2015 bieten wir verschiedene Workshops und Seminare von Dinesh Mishra, Hanif Khan, Bobo (Christiane Hebold, Liederseelen), Sal Mallen, Abbos Kosimov, Paulina Abufhele Meza und anderen K\u00fcnstlern in den Bereichen intuitiver Musik &amp; Medien, Musik &amp; Tanz, Musik und Heilung an. Die Teilnehmer des Fachkongresses w\u00e4hlen sich die f\u00fcr ihre eigene Entwicklung interessantesten Workshops und Begegnungen individuell aus.<\/p>\n<p>Im Rahmen dieser beruflichen Weiterbildung ist es m\u00f6glich, Bildungsurlaub zu beantragen bzw. unter bestimmten pers\u00f6nlichen Voraussetzungen Stipendien oder F\u00f6rderungen in Anspruch zu nehmen. Informationen zur Bildungspr\u00e4mie (Bund) und zum Bildungsscheck NRW erhalten Sie in der Regel bei ihrer VHS.<\/p>\n<h4><\/h4>\n<\/div><\/div><\/div><\/div><\/div><div class=\"fusion-fullwidth fullwidth-box fusion-builder-row-2 fusion-flex-container hundred-percent-fullwidth non-hundred-percent-height-scrolling\" style=\"--awb-border-radius-top-left:0px;--awb-border-radius-top-right:0px;--awb-border-radius-bottom-right:0px;--awb-border-radius-bottom-left:0px;--awb-overflow:visible;--awb-flex-wrap:wrap;\" ><div class=\"fusion-builder-row fusion-row fusion-flex-align-items-flex-start fusion-flex-content-wrap\" style=\"width:calc( 100% + 0px ) !important;max-width:calc( 100% + 0px ) !important;margin-left: calc(-0px \/ 2 );margin-right: calc(-0px \/ 2 );\"><div class=\"fusion-layout-column fusion_builder_column fusion-builder-column-2 fusion_builder_column_1_2 1_2 fusion-flex-column\" style=\"--awb-bg-size:cover;--awb-width-large:50%;--awb-margin-top-large:0px;--awb-spacing-right-large:0px;--awb-margin-bottom-large:20px;--awb-spacing-left-large:0px;--awb-width-medium:50%;--awb-order-medium:0;--awb-spacing-right-medium:0px;--awb-spacing-left-medium:0px;--awb-width-small:100%;--awb-order-small:0;--awb-spacing-right-small:0px;--awb-spacing-left-small:0px;\"><div class=\"fusion-column-wrapper fusion-column-has-shadow fusion-flex-justify-content-flex-start fusion-content-layout-column\"><div class=\"fusion-text fusion-text-3\"><h4><span style=\"font-size: 16px\">Zeitr\u00e4ume<\/span><\/h4>\n<p>01.06.2015 bis 31.07.2015<br \/>17.08.2015 bis 13.09.2015<\/p>\n<h3>Kosten<\/h3>\n<p>1000,- euro f\u00fcr 40 Uh, die im oben genannten Zeitraum frei w\u00e4hlbar sind.<br \/>Stellen Sie sich Ihr perfektes Programm selbst zusammen!<\/p>\n<p>Bildungsurlaub, Bildungsscheck NRW, Bildungspr\u00e4mie und Sonderkonditionen mit bis zu 50% m\u00f6glich.<br \/>In besonderen F\u00e4llen kann ein Stipendium in Anspruch genommen werden.<\/p>\n<p><img decoding=\"async\" class=\"alignnone size-full wp-image-3504\" src=\"http:\/\/prokulturgut.net\/worldmusicevolution\/wp-content\/uploads\/sites\/2\/2015\/07\/NRW_MFKJKS_RGB-eng-e1439374252393.png\" alt=\"NRW Ministerium f\u00fcr Familie, Kinder, Jugend, Kultur und Sport\" width=\"281\" height=\"61\"><\/p>\n<h3>Information und Anmeldung<\/h3>\n<p><strong>Akademie der Kulturen NRW<\/strong><\/p>\n<p>Freie Akademie f\u00fcr ganzheitliche Entwicklung<br \/>Staatlich anerkannt vom Land NRW.<\/p>\n<p>Zertifiziert im G\u00fctesiegelverbund NRW<\/p>\n<p>Herbergsweg 1<br \/>D-44879 Bochum<\/p>\n<p>Telefon: 0234- 5892040 \/ 95067319<\/p>\n<p><a href=\"mailto:akademie@prokulturgut.net\" target=\"_blank\" rel=\"noopener\">akademie@prokulturgut.net<br \/><\/a><a href=\"http:\/\/www.akademie-der-kulturen-nrw.de\/\" target=\"_blank\" rel=\"noopener\">www.akademie-der-kulturen-nrw.de<\/a><\/p>\n<\/div><\/div><\/div><div class=\"fusion-layout-column fusion_builder_column fusion-builder-column-3 fusion_builder_column_1_6 1_6 fusion-flex-column\" style=\"--awb-bg-size:cover;--awb-width-large:16.666666666667%;--awb-margin-top-large:0px;--awb-spacing-right-large:0px;--awb-margin-bottom-large:20px;--awb-spacing-left-large:0px;--awb-width-medium:16.666666666667%;--awb-order-medium:0;--awb-spacing-right-medium:0px;--awb-spacing-left-medium:0px;--awb-width-small:100%;--awb-order-small:0;--awb-spacing-right-small:0px;--awb-spacing-left-small:0px;\"><div class=\"fusion-column-wrapper fusion-column-has-shadow fusion-flex-justify-content-flex-start fusion-content-layout-column\"><\/div><\/div><div class=\"fusion-layout-column fusion_builder_column fusion-builder-column-4 fusion_builder_column_1_3 1_3 fusion-flex-column\" style=\"--awb-bg-size:cover;--awb-width-large:33.333333333333%;--awb-margin-top-large:0px;--awb-spacing-right-large:0px;--awb-margin-bottom-large:20px;--awb-spacing-left-large:0px;--awb-width-medium:33.333333333333%;--awb-order-medium:0;--awb-spacing-right-medium:0px;--awb-spacing-left-medium:0px;--awb-width-small:100%;--awb-order-small:0;--awb-spacing-right-small:0px;--awb-spacing-left-small:0px;\"><div class=\"fusion-column-wrapper fusion-column-has-shadow fusion-flex-justify-content-flex-start fusion-content-layout-column\"><div class=\"fusion-text fusion-text-4\"><h4><a href=\"http:\/\/worldmusicevolution.net\/ab-juni15-dinesh-mishra-bansuri\/\" target=\"_blank\" rel=\"noopener\">Dinesh Mishra &#8211; Bansuri (Kurs und Einzelstunden) &#8211; ab Juni &#8217;15<\/a><\/h4>\n<h4><a href=\"http:\/\/worldmusicevolution.net\/hanif-khan-tablajuni15\/\" target=\"_blank\" rel=\"noopener\">Ustad Hanif Khan &#8211; Tabla Einzelstunden &#8211; ab Juni &#8217;15<\/a><\/h4>\n<h4><a href=\"http:\/\/prokulturgut.net\/worldmusicevolution\/kilema-workshop-mit-diversen-instrumenten\/\" target=\"_blank\" rel=\"noopener\">Kilema &#8211; Multi-Instrumentalist aus Madagaskar &#8211; 19. + 20. Juni &#8217;15<\/a><\/h4>\n<h4><a href=\"http:\/\/worldmusicevolution.net\/hanif-khan-tablajuni15\/\" target=\"_blank\" rel=\"noopener\">Ustad Hanif Khan &#8211; Tabla Meisterkurs &#8211; 03.07. &#8211; 09.07.<\/a><\/h4>\n<h4><a href=\"http:\/\/prokulturgut.net\/worldmusicevolution\/gesang-und-stimmtraining-mit-bobo\/\" target=\"_blank\" rel=\"noopener\">Bobo &#8211; Gesangs- und Stimmtraining &#8211; 17.08. &#8211; 20.08.<\/a><\/h4>\n<h4><a href=\"http:\/\/prokulturgut.net\/worldmusicevolution\/tanz-und-musikimprovisation-mit-paulina-abufhele-meza\/\" target=\"_blank\" rel=\"noopener\">Paulina Abufhele Meza &#8211; Workshop Tanz und Improvisation &#8211; 24.08. &#8211; 27.08<\/a><\/h4>\n<h4><a href=\"http:\/\/prokulturgut.net\/worldmusicevolution\/abbos-kosimov-percussion-31-8-4-09-2015\/\">Abbos Kosimov &#8211; Masterclass Percussion &#8211; 31.08. &#8211; 13.09.<\/a><\/h4>\n<h4><a href=\"http:\/\/prokulturgut.net\/worldmusicevolution\/yogatanz-mit-isabel-gilton\/\" target=\"_blank\" rel=\"noopener\">Isabel Gilton &#8211; Yoga-Tanz &#8211; 4.9. &#8211; 5.9.<\/a><\/h4>\n<h4><a href=\"http:\/\/worldmusicevolution.net\/tarife-fuer-workshops-und-einzelunterricht\/\" target=\"_blank\" rel=\"noopener\">Tarife und Information&#8230;<\/a><\/h4><\/p>\n<\/div><\/div><\/div><\/div><\/div><\/p>\n","protected":false},"excerpt":{"rendered":"","protected":false},"author":2,"featured_media":4675,"comment_status":"closed","ping_status":"closed","sticky":false,"template":"","format":"standard","meta":[],"categories":[1,13,40,38,23],"tags":[440],"_links":{"self":[{"href":"https:\/\/prokulturgut.net\/worldmusicevolution\/wp-json\/wp\/v2\/posts\/2359"}],"collection":[{"href":"https:\/\/prokulturgut.net\/worldmusicevolution\/wp-json\/wp\/v2\/posts"}],"about":[{"href":"https:\/\/prokulturgut.net\/worldmusicevolution\/wp-json\/wp\/v2\/types\/post"}],"author":[{"embeddable":true,"href":"https:\/\/prokulturgut.net\/worldmusicevolution\/wp-json\/wp\/v2\/users\/2"}],"replies":[{"embeddable":true,"href":"https:\/\/prokulturgut.net\/worldmusicevolution\/wp-json\/wp\/v2\/comments?post=2359"}],"version-history":[{"count":48,"href":"https:\/\/prokulturgut.net\/worldmusicevolution\/wp-json\/wp\/v2\/posts\/2359\/revisions"}],"predecessor-version":[{"id":18520,"href":"https:\/\/prokulturgut.net\/worldmusicevolution\/wp-json\/wp\/v2\/posts\/2359\/revisions\/18520"}],"wp:featuredmedia":[{"embeddable":true,"href":"https:\/\/prokulturgut.net\/worldmusicevolution\/wp-json\/wp\/v2\/media\/4675"}],"wp:attachment":[{"href":"https:\/\/prokulturgut.net\/worldmusicevolution\/wp-json\/wp\/v2\/media?parent=2359"}],"wp:term":[{"taxonomy":"category","embeddable":true,"href":"https:\/\/prokulturgut.net\/worldmusicevolution\/wp-json\/wp\/v2\/categories?post=2359"},{"taxonomy":"post_tag","embeddable":true,"href":"https:\/\/prokulturgut.net\/worldmusicevolution\/wp-json\/wp\/v2\/tags?post=2359"}],"curies":[{"name":"wp","href":"https:\/\/api.w.org\/{rel}","templated":true}]}}